{"id":254321,"date":"2026-04-28T15:38:04","date_gmt":"2026-04-28T18:38:04","guid":{"rendered":"https:\/\/corrientesdetarde.com\/?p=254321"},"modified":"2026-04-28T15:38:16","modified_gmt":"2026-04-28T18:38:16","slug":"goya-se-habilito-un-nuevo-espacio-recuperado-en-la-costanera","status":"publish","type":"post","link":"https:\/\/corrientesdetarde.com\/index.php\/destacados\/goya-se-habilito-un-nuevo-espacio-recuperado-en-la-costanera\/","title":{"rendered":"Goya: se habilit\u00f3 un nuevo espacio recuperado en la Costanera"},"content":{"rendered":"\n<p>Un nuevo espacio p\u00fablico recuperado, con el prop\u00f3sito de propiciar el encuentro de los goyanos en un lugar emblem\u00e1tico, signo de la identidad de la ciudad, qued\u00f3 habilitado en la tarde del lunes. Con una perspectiva que mira hacia el r\u00edo, se abraza este espacio con el riacho Goya en la tarde de una jornada hist\u00f3rica.<\/p>\n\n\n\n<p>En este marco, se funden la tradici\u00f3n y la Fiesta Nacional del Surub\u00ed, con baile t\u00edpico de nuestra regi\u00f3n a cargo de la embajada de la Direcci\u00f3n de Cultura, y el Museo del Surub\u00ed conteniendo esta expresi\u00f3n desde el extremo oeste.<\/p>\n\n\n\n<p><br>Es un nuevo punto de encuentro, un paseo que se suma a la Nueva Costanera y plaza Italia, un \u00e1mbito que vuelve a ser de todos los goyanos.<\/p>\n\n\n\n<p><br>Tarde memorable de la cual participaron el intendente municipal Mariano Hormaechea, funcionarios municipales, provinciales, concejales, integrantes de las fuerzas de seguridad, la Prefectura, su jefe el prefecto Marcelo Regondi, el Ej\u00e9rcito, la Polic\u00eda, el director de la URII comisario mayor Valent\u00edn Morales, miembros de la sociedad civil, el obispo de la Di\u00f3cesis de Goya monse\u00f1or Adolfo Canecin, periodistas y vecinos de Goya.<\/p>\n\n\n\n<p><strong>MARIANO HORMAECHEA<\/strong><\/p>\n\n\n\n<p><br>En su saludo, el intendente Mariano Hormaechea agradeci\u00f3 el acompa\u00f1amiento de los funcionarios, concejales, personalidades, se\u00f1alando que &#8220;es un d\u00eda hist\u00f3rico para la ciudad&#8221;.<br>&nbsp;<br>El jefe comunal reconoci\u00f3 especialmente a la Prefectura &#8220;por entender esta necesidad de contar con este espacio para la ciudad&#8221;. Record\u00f3 entonces que &#8220;despu\u00e9s de esas gestiones lleg\u00f3 la firma del acuerdo, el convenio que nos permiti\u00f3 recuperar para la Municipalidad este lugar&#8221;, aunque destac\u00f3 que &#8220;lo recuperamos trabajando en equipo, pensando juntos en la ciudad&#8221;, tras lo cual agradeci\u00f3 &#8220;a Walter (el jefe que inici\u00f3 la gesti\u00f3n) y a las actuales autoridades prefecturianas&#8221;.<\/p>\n\n\n\n<p><br>&#8220;Esto es parte del proyecto de idea de ciudad, de recuperar espacios p\u00fablicos sobre el r\u00edo. Hemos revalorizado la playa El Inga, nuestra costanera norte, en la zona de Paraguay y E. L\u00f3pez. Continuamos recuperando espacio hacia el norte de la ciudad, con un accionar junto al gobierno de la Provincia: podemos mencionar el sector del Remanso, relocalizando a las familias para extender el espacio costero. De la misma manera, desde nuestra costanera norte extendemos hacia el canal de Chiappe, muy utilizado por los que hacen actividad f\u00edsica&#8221;.<\/p>\n\n\n\n<p><br>A lo cual agreg\u00f3: &#8220;Estamos trabajando con los concejales para ordenar el territorio, el ejido urbano&#8221;.<\/p>\n\n\n\n<p><br>&#8220;Estamos inaugurando un nuevo espacio p\u00fablico recuperado para el encuentro de la comunidad. La circunstancia me pone en este momento hist\u00f3rico, que es un poco el cumplimiento de un sue\u00f1o personal y comunitario. Estamos revalorizando la historia de Goya, que no terminamos de contar. El 9 de noviembre ponemos como la fecha hist\u00f3rica para ordenar nuestros or\u00edgenes, nuestra historia, resignificar lo que somos, de d\u00f3nde venimos, hacia d\u00f3nde queremos ir; dando la preponderancia a nuestros espacios p\u00fablicos. Este es uno, el martes ser\u00e1 el otro gran emblema: nuestra costanera. Tenemos puesta la camiseta de la ciudad&#8221;.<\/p>\n\n\n\n<p><br>&#8220;En un contexto dif\u00edcil, ponemos este valor, incentivamos el encuentro de todos los goyanos&#8221;.<\/p>\n\n\n\n<p><br>&#8220;Quedar\u00e1n los portones abiertos para ir dise\u00f1ando a futuro estos lugares. El museo del Surubi ser\u00e1 parte de ese paseo gastron\u00f3mico, cultural. Este galp\u00f3n ser\u00e1 un SUM para enriquecer la historia, la identidad, que se completar\u00e1 con el libro de Goya&#8221;.<\/p>\n\n\n\n<p><br>&#8220;Gracias nuevamente. Ponemos el acento al encuentro en una semana de mucho impulso con la presencia de pescadores, turistas para vivir la Fiesta del Surubi&#8221;, concluy\u00f3.<\/p>\n\n\n\n<p><br>DESCUBRIMIENTO PLACA<\/p>\n\n\n\n<p><br>El intendente Mariano Hormaechea junto al prefecto Marcelo Regondi, el obispo de la Di\u00f3cesis Monse\u00f1or Adolfo Canecin y la profesora Margarita Fogantini, procedieron al descubrimiento de la placa que deja habilitado este renovado espacio en la Prefectura de Goya.<\/p>\n\n\n\n<p><br>HABILITACI\u00d3N DEL FUTURO SAL\u00d3N DE USOS M\u00daLTIPLES<\/p>\n\n\n\n<p><br>Con la apertura de los portones del galp\u00f3n, por parte del Intendente, el jefe prefecturiano y parejas de la escuela de Danzas Nativas, qued\u00f3 oficialmente inaugurado el nuevo paseo de los goyanos.<\/p>\n","protected":false},"excerpt":{"rendered":"<p>Un nuevo espacio p\u00fablico recuperado, con el prop\u00f3sito de propiciar el encuentro de los goyanos en un lugar emblem\u00e1tico, signo de la identidad de la ciudad, qued\u00f3 habilitado en la&hellip; <\/p>\n","protected":false},"author":4,"featured_media":254322,"comment_status":"closed","ping_status":"open","sticky":false,"template":"","format":"standard","meta":{"footnotes":""},"categories":[26],"tags":[],"class_list":["post-254321","post","type-post","status-publish","format-standard","has-post-thumbnail","hentry","category-destacados"],"_links":{"self":[{"href":"https:\/\/corrientesdetarde.com\/index.php\/wp-json\/wp\/v2\/posts\/254321","targetHints":{"allow":["GET"]}}],"collection":[{"href":"https:\/\/corrientesdetarde.com\/index.php\/wp-json\/wp\/v2\/posts"}],"about":[{"href":"https:\/\/corrientesdetarde.com\/index.php\/wp-json\/wp\/v2\/types\/post"}],"author":[{"embeddable":true,"href":"https:\/\/corrientesdetarde.com\/index.php\/wp-json\/wp\/v2\/users\/4"}],"replies":[{"embeddable":true,"href":"https:\/\/corrientesdetarde.com\/index.php\/wp-json\/wp\/v2\/comments?post=254321"}],"version-history":[{"count":1,"href":"https:\/\/corrientesdetarde.com\/index.php\/wp-json\/wp\/v2\/posts\/254321\/revisions"}],"predecessor-version":[{"id":254323,"href":"https:\/\/corrientesdetarde.com\/index.php\/wp-json\/wp\/v2\/posts\/254321\/revisions\/254323"}],"wp:featuredmedia":[{"embeddable":true,"href":"https:\/\/corrientesdetarde.com\/index.php\/wp-json\/wp\/v2\/media\/254322"}],"wp:attachment":[{"href":"https:\/\/corrientesdetarde.com\/index.php\/wp-json\/wp\/v2\/media?parent=254321"}],"wp:term":[{"taxonomy":"category","embeddable":true,"href":"https:\/\/corrientesdetarde.com\/index.php\/wp-json\/wp\/v2\/categories?post=254321"},{"taxonomy":"post_tag","embeddable":true,"href":"https:\/\/corrientesdetarde.com\/index.php\/wp-json\/wp\/v2\/tags?post=254321"}],"curies":[{"name":"wp","href":"https:\/\/api.w.org\/{rel}","templated":true}]}}