{"id":254324,"date":"2026-04-28T15:39:58","date_gmt":"2026-04-28T18:39:58","guid":{"rendered":"https:\/\/corrientesdetarde.com\/?p=254324"},"modified":"2026-04-28T15:40:06","modified_gmt":"2026-04-28T18:40:06","slug":"corrientes-cayeron-tras-robar-una-camioneta-y-una-moto-en-raid-delictivo","status":"publish","type":"post","link":"https:\/\/corrientesdetarde.com\/index.php\/policiales\/corrientes-cayeron-tras-robar-una-camioneta-y-una-moto-en-raid-delictivo\/","title":{"rendered":"Corrientes: cayeron tras robar una camioneta y una moto en raid delictivo"},"content":{"rendered":"\n<p>Aunque son recontraconocidos en c\u00e1rceles y dependencias policiales, nunca quedan presos por mas de unos pocos d\u00edas. La reincidencia de los dos protagonistas de \u00e9sta historia ya es demasiada. La banda de Jes\u00fas &#8220;Ni\u00f1o Rata&#8221; Romero y Daniel &#8220;Negrito Paloi&#8221; Torres comete uno y otro robo (de todo tipo) como si nada.<\/p>\n\n\n\n<p>El lunes, a la madrugada, robaron un auto Renault Duster en Paso Mart\u00ednez, en las afueras de la capital. Antes hab\u00edan sustra\u00eddo una moto Zanella ZB de una casa al costado de la ruta 5. Luego fue recuperada.<\/p>\n\n\n\n<p><br>La Unidad Especial Antiarrebatos recuper\u00f3 el auto y detuvo a una chica de 22 a\u00f1os y a un hombre de 31, alias &#8220;Goma&#8221;, se\u00f1alados como &#8220;colaboradores&#8221; en este il\u00edcito.<\/p>\n\n\n\n<figure class=\"wp-block-image\"><img decoding=\"async\" src=\"https:\/\/www.radiodos.com.ar\/content\/bucket\/4\/284644w790h593c.jpg.webp\" alt=\"\"\/><\/figure>\n\n\n\n<p>Fue tras un seguimiento en los barrios Punta Taitalo, Lomas del Mirador y Molina Punta.<\/p>\n\n\n\n<p>Falta que atrapen a Romero y a Torres, quienes tienen frondozos prontuarios y ser\u00edan los promotores de \u00e9ste raid delictivo<\/p>\n\n\n\n<figure class=\"wp-block-image\"><img decoding=\"async\" src=\"https:\/\/www.radiodos.com.ar\/content\/bucket\/5\/284645w790h1053c.jpg.webp\" alt=\"\"\/><\/figure>\n","protected":false},"excerpt":{"rendered":"<p>Aunque son recontraconocidos en c\u00e1rceles y dependencias policiales, nunca quedan presos por mas de unos pocos d\u00edas. La reincidencia de los dos protagonistas de \u00e9sta historia ya es demasiada. La&hellip; <\/p>\n","protected":false},"author":4,"featured_media":254325,"comment_status":"closed","ping_status":"open","sticky":false,"template":"","format":"standard","meta":{"footnotes":""},"categories":[33],"tags":[],"class_list":["post-254324","post","type-post","status-publish","format-standard","has-post-thumbnail","hentry","category-policiales"],"_links":{"self":[{"href":"https:\/\/corrientesdetarde.com\/index.php\/wp-json\/wp\/v2\/posts\/254324","targetHints":{"allow":["GET"]}}],"collection":[{"href":"https:\/\/corrientesdetarde.com\/index.php\/wp-json\/wp\/v2\/posts"}],"about":[{"href":"https:\/\/corrientesdetarde.com\/index.php\/wp-json\/wp\/v2\/types\/post"}],"author":[{"embeddable":true,"href":"https:\/\/corrientesdetarde.com\/index.php\/wp-json\/wp\/v2\/users\/4"}],"replies":[{"embeddable":true,"href":"https:\/\/corrientesdetarde.com\/index.php\/wp-json\/wp\/v2\/comments?post=254324"}],"version-history":[{"count":1,"href":"https:\/\/corrientesdetarde.com\/index.php\/wp-json\/wp\/v2\/posts\/254324\/revisions"}],"predecessor-version":[{"id":254326,"href":"https:\/\/corrientesdetarde.com\/index.php\/wp-json\/wp\/v2\/posts\/254324\/revisions\/254326"}],"wp:featuredmedia":[{"embeddable":true,"href":"https:\/\/corrientesdetarde.com\/index.php\/wp-json\/wp\/v2\/media\/254325"}],"wp:attachment":[{"href":"https:\/\/corrientesdetarde.com\/index.php\/wp-json\/wp\/v2\/media?parent=254324"}],"wp:term":[{"taxonomy":"category","embeddable":true,"href":"https:\/\/corrientesdetarde.com\/index.php\/wp-json\/wp\/v2\/categories?post=254324"},{"taxonomy":"post_tag","embeddable":true,"href":"https:\/\/corrientesdetarde.com\/index.php\/wp-json\/wp\/v2\/tags?post=254324"}],"curies":[{"name":"wp","href":"https:\/\/api.w.org\/{rel}","templated":true}]}}