{"id":254327,"date":"2026-04-28T15:44:25","date_gmt":"2026-04-28T18:44:25","guid":{"rendered":"https:\/\/corrientesdetarde.com\/?p=254327"},"modified":"2026-04-28T15:44:38","modified_gmt":"2026-04-28T18:44:38","slug":"una-nina-de-12-anos-dio-a-luz-en-el-pediatrico-detuvieron-a-la-madre","status":"publish","type":"post","link":"https:\/\/corrientesdetarde.com\/index.php\/policiales\/una-nina-de-12-anos-dio-a-luz-en-el-pediatrico-detuvieron-a-la-madre\/","title":{"rendered":"Una ni\u00f1a de 12 a\u00f1os dio a luz en el Pedi\u00e1trico: detuvieron a la madre"},"content":{"rendered":"\n<p>Una mujer de 30 a\u00f1os llev\u00f3 a su hija de 12 a\u00f1os al Hospital Pedi\u00e1trico &#8220;Doctor Avelino Castell\u00e1n&#8221; de Resistencia por un caso de &#8220;supuesto abuso&#8221;, pero la ni\u00f1a dio a luz y qued\u00f3 internada en el hospital.<\/p>\n\n\n\n<p>Un caso que caus\u00f3 conmoci\u00f3n ocurri\u00f3 el domingo pasado en el hospital Pedi\u00e1trico de Resistencia, cuando una mujer de unos 30 a\u00f1os llev\u00f3 a su hija menor, de 12 a\u00f1os, por un caso de &#8220;supuesto abuso&#8221;. La ni\u00f1a qued\u00f3 internada y dio a luz.<\/p>\n\n\n\n<p>Inmediatamente, el Equipo Fiscal N\u00b06 orden\u00f3 la aprehensi\u00f3n de la madre bajo la causa de &#8220;supuesto encubrimiento agravado&#8221;.<\/p>\n\n\n\n<p>Los agentes de la divisi\u00f3n Polic\u00eda Sanitaria cumplieron la orden y aprehendieron a la mujer de 30 a\u00f1os. Por su parte, la ni\u00f1a sigue internada en el pedi\u00e1trico de Resistencia.<\/p>\n","protected":false},"excerpt":{"rendered":"<p>Una mujer de 30 a\u00f1os llev\u00f3 a su hija de 12 a\u00f1os al Hospital Pedi\u00e1trico &#8220;Doctor Avelino Castell\u00e1n&#8221; de Resistencia por un caso de &#8220;supuesto abuso&#8221;, pero la ni\u00f1a dio&hellip; <\/p>\n","protected":false},"author":4,"featured_media":254328,"comment_status":"closed","ping_status":"open","sticky":false,"template":"","format":"standard","meta":{"footnotes":""},"categories":[33],"tags":[],"class_list":["post-254327","post","type-post","status-publish","format-standard","has-post-thumbnail","hentry","category-policiales"],"_links":{"self":[{"href":"https:\/\/corrientesdetarde.com\/index.php\/wp-json\/wp\/v2\/posts\/254327","targetHints":{"allow":["GET"]}}],"collection":[{"href":"https:\/\/corrientesdetarde.com\/index.php\/wp-json\/wp\/v2\/posts"}],"about":[{"href":"https:\/\/corrientesdetarde.com\/index.php\/wp-json\/wp\/v2\/types\/post"}],"author":[{"embeddable":true,"href":"https:\/\/corrientesdetarde.com\/index.php\/wp-json\/wp\/v2\/users\/4"}],"replies":[{"embeddable":true,"href":"https:\/\/corrientesdetarde.com\/index.php\/wp-json\/wp\/v2\/comments?post=254327"}],"version-history":[{"count":1,"href":"https:\/\/corrientesdetarde.com\/index.php\/wp-json\/wp\/v2\/posts\/254327\/revisions"}],"predecessor-version":[{"id":254329,"href":"https:\/\/corrientesdetarde.com\/index.php\/wp-json\/wp\/v2\/posts\/254327\/revisions\/254329"}],"wp:featuredmedia":[{"embeddable":true,"href":"https:\/\/corrientesdetarde.com\/index.php\/wp-json\/wp\/v2\/media\/254328"}],"wp:attachment":[{"href":"https:\/\/corrientesdetarde.com\/index.php\/wp-json\/wp\/v2\/media?parent=254327"}],"wp:term":[{"taxonomy":"category","embeddable":true,"href":"https:\/\/corrientesdetarde.com\/index.php\/wp-json\/wp\/v2\/categories?post=254327"},{"taxonomy":"post_tag","embeddable":true,"href":"https:\/\/corrientesdetarde.com\/index.php\/wp-json\/wp\/v2\/tags?post=254327"}],"curies":[{"name":"wp","href":"https:\/\/api.w.org\/{rel}","templated":true}]}}