{"id":254333,"date":"2026-04-28T16:52:50","date_gmt":"2026-04-28T19:52:50","guid":{"rendered":"https:\/\/corrientesdetarde.com\/?p=254333"},"modified":"2026-04-28T16:53:02","modified_gmt":"2026-04-28T19:53:02","slug":"continua-el-juicio-por-el-crimen-de-un-joven-hallado-bajo-una-carpeta-de-cemento","status":"publish","type":"post","link":"https:\/\/corrientesdetarde.com\/index.php\/destacados\/continua-el-juicio-por-el-crimen-de-un-joven-hallado-bajo-una-carpeta-de-cemento\/","title":{"rendered":"Contin\u00faa el juicio por el crimen de un joven hallado bajo una carpeta de cemento"},"content":{"rendered":"\n<p>Por el crimen del joven que fue hallado bajo una carpeta de cemento en julio de 2024 est\u00e1n imputadas dos personas. El debate comenz\u00f3 ayer y continu\u00f3 hoy con la declaraci\u00f3n de cinco testigos.<\/p>\n\n\n\n<p>Por el crimen del joven que fue hallado bajo una carpeta de cemento en julio de 2024 est\u00e1n imputadas dos personas. El debate inici\u00f3 este lunes 27 de abril y continu\u00f3 hoy con la declaraci\u00f3n de cinco testigos.<\/p>\n\n\n\n<p>Desde las 8 de la ma\u00f1ana del martes 28 de abril continu\u00f3 el juicio oral por un caso de homicidio agravado ocurrido en la ciudad de Paso de los Libres, en el que se encuentran imputados Federico Orlando Duarte y Andrea Fernanda Franco.<\/p>\n\n\n\n<p>La v\u00edctima es Jorge Alfredo Duarte, quien ten\u00eda 27 a\u00f1os al momento del hecho. En la causa intervienen como querellantes los abogados Juan Carlos Coulleri y Fernando Fabi\u00e1n Colunga, mientras que las defensas est\u00e1n a cargo de los doctores Yonathan Andr\u00e9s Biaut y Rodrigo Olivera Mansilla.<\/p>\n\n\n\n<p>A los imputados se les atribuye el delito de homicidio agravado por el ensa\u00f1amiento y el uso de arma de fuego, en concurso real con portaci\u00f3n ileg\u00edtima de arma de fuego de uso civil, en car\u00e1cter de coautores. Todos eran compa\u00f1eros de trabajo.<\/p>\n\n\n\n<p><strong>Desarrollo del juicio<\/strong><\/p>\n\n\n\n<p>El proceso cuenta con 28 testigos, de los cuales 20 fueron ofrecidos por la fiscal\u00eda (9 de ellos compartidos con la querella), mientras que las defensas aportaron el resto.<\/p>\n\n\n\n<p>Durante la audiencia del d\u00eda lunes 27 de abril se realiz\u00f3 la apertura del debate, los alegatos iniciales y la declararon de los primeros cuatro testigos. Se trata de familiares de la v\u00edctima, hermanos y padres.<\/p>\n\n\n\n<p>Tambi\u00e9n durante la primera jornada los representantes de la defensa solicitaron la nulidad del juicio la cual fue rechazada por el tribunal.<\/p>\n\n\n\n<p>En la jornada del martes declararon cinco personas. En primer lugar el fletero que fue contratado por la v\u00edctima d\u00edas antes de su desaparici\u00f3n, tres oficiales y el comisario inspector de la comisaria primera de Paso de los Libres.<\/p>\n\n\n\n<p>Las audiencias continuar\u00e1n el mi\u00e9rcoles 29 y jueves 30 de abril desde las 8 y culminar\u00e1n el 4 de mayo. La \u00faltima fecha est\u00e1 reservada para los alegatos de clausura, tras la recepci\u00f3n de testimonios, prueba documental y exhibici\u00f3n de evidencias.<\/p>\n\n\n\n<p><strong>El hecho investigado<\/strong><\/p>\n\n\n\n<p>De acuerdo con la acusaci\u00f3n, el hecho ocurri\u00f3 entre la noche del 5 y el 6 de julio de 2024, en una vivienda donde resid\u00edan los imputados. All\u00ed, la v\u00edctima habr\u00eda sido citada al domicilio y atacada en un contexto de indefensi\u00f3n por la pareja conformada por Federico Orlando Duarte, con quien solo lo une el apellido, mas no existe parentesco alguno, y Andrea Fernanda Franco.<\/p>\n\n\n\n<p>Seg\u00fan la reconstrucci\u00f3n fiscal, los acusados habr\u00edan utilizado un arma de fuego y posteriormente un arma blanca, provocando m\u00faltiples heridas. La imputaci\u00f3n sostiene que el ataque se produjo con un grado de violencia que le ocasion\u00f3 la muerte, y que luego el cuerpo fue ocultado en el patio de la vivienda, donde se habr\u00eda cavado un pozo para enterrarlo.<\/p>\n\n\n\n<p>Adem\u00e1s, se investiga que, tras el hecho, se habr\u00edan realizado tareas para eliminar rastros en el lugar.<\/p>\n","protected":false},"excerpt":{"rendered":"<p>Por el crimen del joven que fue hallado bajo una carpeta de cemento en julio de 2024 est\u00e1n imputadas dos personas. El debate comenz\u00f3 ayer y continu\u00f3 hoy con la&hellip; <\/p>\n","protected":false},"author":4,"featured_media":254334,"comment_status":"closed","ping_status":"open","sticky":false,"template":"","format":"standard","meta":{"footnotes":""},"categories":[26],"tags":[],"class_list":["post-254333","post","type-post","status-publish","format-standard","has-post-thumbnail","hentry","category-destacados"],"_links":{"self":[{"href":"https:\/\/corrientesdetarde.com\/index.php\/wp-json\/wp\/v2\/posts\/254333","targetHints":{"allow":["GET"]}}],"collection":[{"href":"https:\/\/corrientesdetarde.com\/index.php\/wp-json\/wp\/v2\/posts"}],"about":[{"href":"https:\/\/corrientesdetarde.com\/index.php\/wp-json\/wp\/v2\/types\/post"}],"author":[{"embeddable":true,"href":"https:\/\/corrientesdetarde.com\/index.php\/wp-json\/wp\/v2\/users\/4"}],"replies":[{"embeddable":true,"href":"https:\/\/corrientesdetarde.com\/index.php\/wp-json\/wp\/v2\/comments?post=254333"}],"version-history":[{"count":1,"href":"https:\/\/corrientesdetarde.com\/index.php\/wp-json\/wp\/v2\/posts\/254333\/revisions"}],"predecessor-version":[{"id":254335,"href":"https:\/\/corrientesdetarde.com\/index.php\/wp-json\/wp\/v2\/posts\/254333\/revisions\/254335"}],"wp:featuredmedia":[{"embeddable":true,"href":"https:\/\/corrientesdetarde.com\/index.php\/wp-json\/wp\/v2\/media\/254334"}],"wp:attachment":[{"href":"https:\/\/corrientesdetarde.com\/index.php\/wp-json\/wp\/v2\/media?parent=254333"}],"wp:term":[{"taxonomy":"category","embeddable":true,"href":"https:\/\/corrientesdetarde.com\/index.php\/wp-json\/wp\/v2\/categories?post=254333"},{"taxonomy":"post_tag","embeddable":true,"href":"https:\/\/corrientesdetarde.com\/index.php\/wp-json\/wp\/v2\/tags?post=254333"}],"curies":[{"name":"wp","href":"https:\/\/api.w.org\/{rel}","templated":true}]}}