{"id":254336,"date":"2026-04-28T16:58:58","date_gmt":"2026-04-28T19:58:58","guid":{"rendered":"https:\/\/corrientesdetarde.com\/?p=254336"},"modified":"2026-04-28T21:18:19","modified_gmt":"2026-04-29T00:18:19","slug":"joven-motociclista-perdio-la-vida-en-un-siniestro-vial-en-bella-vista","status":"publish","type":"post","link":"https:\/\/corrientesdetarde.com\/index.php\/locales\/joven-motociclista-perdio-la-vida-en-un-siniestro-vial-en-bella-vista\/","title":{"rendered":"Joven motociclista perdi\u00f3 la vida en un siniestro vial en Bella Vista"},"content":{"rendered":"\n<p>Un joven motociclista muri\u00f3 en un siniestro vial en la localidad de Bella Vista en la tarde de ayer, tras impactar el veh\u00edculo que conduc\u00eda con una camioneta Toyota Hilux.<\/p>\n\n\n\n<p>Un joven motociclista muri\u00f3 en un siniestro vial en la localidad de Bella Vista en la tarde de ayer, tras impactar el veh\u00edculo que conduc\u00eda con una camioneta Toyota Hilux.<\/p>\n\n\n\n<p>El tr\u00e1gico hecho se produjo en la intersecci\u00f3n de la Ruta Provincial N\u00b0 27 y la calle Misiones.<\/p>\n\n\n\n<p>Seg\u00fan se pudo saber extraoficialmente, el veh\u00edculo de mayor porte estaba conducido por un hombre de apellido Leguizam\u00f3n y la v\u00edctima fatal con el apellido Serial.<\/p>\n\n\n\n<p>Se investigan las circunstacias en que se produjo el tr\u00e1gico hecho que termin\u00f3 con la vida del joven.<\/p>\n","protected":false},"excerpt":{"rendered":"<p>Un joven motociclista muri\u00f3 en un siniestro vial en la localidad de Bella Vista en la tarde de ayer, tras impactar el veh\u00edculo que conduc\u00eda con una camioneta Toyota Hilux.&hellip; <\/p>\n","protected":false},"author":4,"featured_media":254337,"comment_status":"closed","ping_status":"open","sticky":false,"template":"","format":"standard","meta":{"footnotes":""},"categories":[8,33],"tags":[],"class_list":["post-254336","post","type-post","status-publish","format-standard","has-post-thumbnail","hentry","category-locales","category-policiales"],"_links":{"self":[{"href":"https:\/\/corrientesdetarde.com\/index.php\/wp-json\/wp\/v2\/posts\/254336","targetHints":{"allow":["GET"]}}],"collection":[{"href":"https:\/\/corrientesdetarde.com\/index.php\/wp-json\/wp\/v2\/posts"}],"about":[{"href":"https:\/\/corrientesdetarde.com\/index.php\/wp-json\/wp\/v2\/types\/post"}],"author":[{"embeddable":true,"href":"https:\/\/corrientesdetarde.com\/index.php\/wp-json\/wp\/v2\/users\/4"}],"replies":[{"embeddable":true,"href":"https:\/\/corrientesdetarde.com\/index.php\/wp-json\/wp\/v2\/comments?post=254336"}],"version-history":[{"count":1,"href":"https:\/\/corrientesdetarde.com\/index.php\/wp-json\/wp\/v2\/posts\/254336\/revisions"}],"predecessor-version":[{"id":254338,"href":"https:\/\/corrientesdetarde.com\/index.php\/wp-json\/wp\/v2\/posts\/254336\/revisions\/254338"}],"wp:featuredmedia":[{"embeddable":true,"href":"https:\/\/corrientesdetarde.com\/index.php\/wp-json\/wp\/v2\/media\/254337"}],"wp:attachment":[{"href":"https:\/\/corrientesdetarde.com\/index.php\/wp-json\/wp\/v2\/media?parent=254336"}],"wp:term":[{"taxonomy":"category","embeddable":true,"href":"https:\/\/corrientesdetarde.com\/index.php\/wp-json\/wp\/v2\/categories?post=254336"},{"taxonomy":"post_tag","embeddable":true,"href":"https:\/\/corrientesdetarde.com\/index.php\/wp-json\/wp\/v2\/tags?post=254336"}],"curies":[{"name":"wp","href":"https:\/\/api.w.org\/{rel}","templated":true}]}}