{"id":254346,"date":"2026-04-28T17:21:25","date_gmt":"2026-04-28T20:21:25","guid":{"rendered":"https:\/\/corrientesdetarde.com\/?p=254346"},"modified":"2026-04-28T17:21:32","modified_gmt":"2026-04-28T20:21:32","slug":"gravisimo-denuncian-que-un-docente-fue-amenazado-en-un-instituto-de-formacion-docente-de-corrientes","status":"publish","type":"post","link":"https:\/\/corrientesdetarde.com\/index.php\/policiales\/gravisimo-denuncian-que-un-docente-fue-amenazado-en-un-instituto-de-formacion-docente-de-corrientes\/","title":{"rendered":"Grav\u00edsimo: denuncian que un docente fue amenazado en un Instituto de Formaci\u00f3n Docente de Corrientes \u00a0"},"content":{"rendered":"\n<p>El presunto hecho de violencia fue calificado &#8220;de extrema gravedad&#8221; por referentes de profesionales de la educaci\u00f3n no vinculados a sindicatos del sector. Habr\u00eda sucedido en el Instituto Terciario de la ciudad de Esquina cuando un educador &#8220;encontr\u00f3 en la sala de profesores la imagen de un arma calibre 9 mm. acompa\u00f1ada de su nombre&#8221;.<\/p>\n\n\n\n<p>&#8221; \u00a1Esto ya se ha denunciado como corresponde y no se tom\u00f3 ninguna medida al respecto!&#8221;, asegura el sitio de Docentes AUTOconvocados Corrientes &#8211; Sector 2019.<br>Agrega que estar\u00eda identificada la persona sindicada como presunta responsable. Adem\u00e1s de formarse para estar al frente del aula, integrar\u00eda el consejo directivo de la instituci\u00f3n en representaci\u00f3n de los estudiantes.<\/p>\n\n\n\n<p><br>Autoconvocados afirma que &#8220;resulta particularmente preocupante que, hasta la fecha, no se hayan dispuesto medidas preventivas ni se hayan aplicado sanciones &#8220;.<\/p>\n\n\n\n<p><br>Tambi\u00e9n sostiene que esta posible situaci\u00f3n expone al personal docente a un escenario de vulnerabilidad inaceptable y compromete el normal funcionamiento institucional&#8221;.<\/p>\n\n\n\n<p>Por \u00faltimo &#8220;solicita la intervenci\u00f3n urgente de las autoridades competentes para garantizar la seguridad y el debido proceso&#8221;.<\/p>\n","protected":false},"excerpt":{"rendered":"<p>El presunto hecho de violencia fue calificado &#8220;de extrema gravedad&#8221; por referentes de profesionales de la educaci\u00f3n no vinculados a sindicatos del sector. Habr\u00eda sucedido en el Instituto Terciario de&hellip; <\/p>\n","protected":false},"author":4,"featured_media":254347,"comment_status":"closed","ping_status":"open","sticky":false,"template":"","format":"standard","meta":{"footnotes":""},"categories":[33],"tags":[],"class_list":["post-254346","post","type-post","status-publish","format-standard","has-post-thumbnail","hentry","category-policiales"],"_links":{"self":[{"href":"https:\/\/corrientesdetarde.com\/index.php\/wp-json\/wp\/v2\/posts\/254346","targetHints":{"allow":["GET"]}}],"collection":[{"href":"https:\/\/corrientesdetarde.com\/index.php\/wp-json\/wp\/v2\/posts"}],"about":[{"href":"https:\/\/corrientesdetarde.com\/index.php\/wp-json\/wp\/v2\/types\/post"}],"author":[{"embeddable":true,"href":"https:\/\/corrientesdetarde.com\/index.php\/wp-json\/wp\/v2\/users\/4"}],"replies":[{"embeddable":true,"href":"https:\/\/corrientesdetarde.com\/index.php\/wp-json\/wp\/v2\/comments?post=254346"}],"version-history":[{"count":1,"href":"https:\/\/corrientesdetarde.com\/index.php\/wp-json\/wp\/v2\/posts\/254346\/revisions"}],"predecessor-version":[{"id":254349,"href":"https:\/\/corrientesdetarde.com\/index.php\/wp-json\/wp\/v2\/posts\/254346\/revisions\/254349"}],"wp:featuredmedia":[{"embeddable":true,"href":"https:\/\/corrientesdetarde.com\/index.php\/wp-json\/wp\/v2\/media\/254347"}],"wp:attachment":[{"href":"https:\/\/corrientesdetarde.com\/index.php\/wp-json\/wp\/v2\/media?parent=254346"}],"wp:term":[{"taxonomy":"category","embeddable":true,"href":"https:\/\/corrientesdetarde.com\/index.php\/wp-json\/wp\/v2\/categories?post=254346"},{"taxonomy":"post_tag","embeddable":true,"href":"https:\/\/corrientesdetarde.com\/index.php\/wp-json\/wp\/v2\/tags?post=254346"}],"curies":[{"name":"wp","href":"https:\/\/api.w.org\/{rel}","templated":true}]}}