{"id":254354,"date":"2026-04-28T17:32:26","date_gmt":"2026-04-28T20:32:26","guid":{"rendered":"https:\/\/corrientesdetarde.com\/?p=254354"},"modified":"2026-04-28T17:32:34","modified_gmt":"2026-04-28T20:32:34","slug":"buscan-frenar-los-hechos-de-abigeato-nueva-unidad-policial-en-ramada-paso","status":"publish","type":"post","link":"https:\/\/corrientesdetarde.com\/index.php\/actualidad\/buscan-frenar-los-hechos-de-abigeato-nueva-unidad-policial-en-ramada-paso\/","title":{"rendered":"Buscan frenar los hechos de abigeato: nueva unidad policial en Ramada Paso"},"content":{"rendered":"\n<p>El nuevo destacamento de la Polic\u00eda Rural e Islas (P.R.I.)se ubicada en el kil\u00f3metro 1083 de la Ruta Nacional N\u00b0 12. Comenz\u00f3 a operar para brindar mayor cobertura de seguridad en la jurisdicci\u00f3n.<\/p>\n\n\n\n<p>En una jornada marcada por la respuesta concreta a los reclamos del sector productivo, este lunes qued\u00f3 formalmente inaugurado el nuevo destacamento de la Polic\u00eda Rural e Islas (P.R.I.) en la localidad de Ramada Paso. La dependencia, ubicada estrat\u00e9gicamente en el kil\u00f3metro 1083 de la Ruta Nacional N\u00b0 12, comenz\u00f3 a operar de inmediato para brindar mayor cobertura de seguridad en la jurisdicci\u00f3n.<\/p>\n\n\n\n<p><br>\u200bEl acto de puesta en funcionamiento cont\u00f3 con la participaci\u00f3n de los intendentes Salvador Arturo Puyol (Ramada Paso) y Francisco Romero (Itat\u00ed), quienes encabezaron la ceremonia junto a altos mandos de la Polic\u00eda de Corrientes. Tambi\u00e9n estuvieron presentes productores ganaderos locales, quienes d\u00edas atr\u00e1s hab\u00edan manifestado su preocupaci\u00f3n por la creciente ola de delitos rurales.<\/p>\n\n\n\n<figure class=\"wp-block-image\"><img decoding=\"async\" src=\"https:\/\/www.diarioepoca.com\/content\/bucket\/2\/1486072w790h592c.jpg.webp\" alt=\"\"\/><\/figure>\n\n\n\n<p><br>\u200bUn momento destacado de la jornada fue la bendici\u00f3n de las nuevas instalaciones, que estuvo a cargo del Padre Humberto Ruiz D\u00edaz, Capell\u00e1n de la Iglesia San Antonio de Padua. Durante la ceremonia, se pidi\u00f3 por la protecci\u00f3n del personal que prestar\u00e1 servicio en la unidad y por la paz social de toda la comunidad rural.<\/p>\n\n\n\n<p><br>\u200bLa instalaci\u00f3n de esta base operativa en el antiguo edificio de la Comisar\u00eda local es el resultado de un trabajo articulado entre los municipios y el Gobierno Provincial.<\/p>\n\n\n\n<p>Seg\u00fan destacaron las autoridades presentes, la llegada de la P.R.I. permitir\u00e1 una atenci\u00f3n especializada en la lucha contra el abigeato, un pedido que el sector ganadero ven\u00eda sosteniendo con urgencia.<\/p>\n","protected":false},"excerpt":{"rendered":"<p>El nuevo destacamento de la Polic\u00eda Rural e Islas (P.R.I.)se ubicada en el kil\u00f3metro 1083 de la Ruta Nacional N\u00b0 12. Comenz\u00f3 a operar para brindar mayor cobertura de seguridad&hellip; <\/p>\n","protected":false},"author":4,"featured_media":254355,"comment_status":"closed","ping_status":"open","sticky":false,"template":"","format":"standard","meta":{"footnotes":""},"categories":[23],"tags":[],"class_list":["post-254354","post","type-post","status-publish","format-standard","has-post-thumbnail","hentry","category-actualidad"],"_links":{"self":[{"href":"https:\/\/corrientesdetarde.com\/index.php\/wp-json\/wp\/v2\/posts\/254354","targetHints":{"allow":["GET"]}}],"collection":[{"href":"https:\/\/corrientesdetarde.com\/index.php\/wp-json\/wp\/v2\/posts"}],"about":[{"href":"https:\/\/corrientesdetarde.com\/index.php\/wp-json\/wp\/v2\/types\/post"}],"author":[{"embeddable":true,"href":"https:\/\/corrientesdetarde.com\/index.php\/wp-json\/wp\/v2\/users\/4"}],"replies":[{"embeddable":true,"href":"https:\/\/corrientesdetarde.com\/index.php\/wp-json\/wp\/v2\/comments?post=254354"}],"version-history":[{"count":1,"href":"https:\/\/corrientesdetarde.com\/index.php\/wp-json\/wp\/v2\/posts\/254354\/revisions"}],"predecessor-version":[{"id":254356,"href":"https:\/\/corrientesdetarde.com\/index.php\/wp-json\/wp\/v2\/posts\/254354\/revisions\/254356"}],"wp:featuredmedia":[{"embeddable":true,"href":"https:\/\/corrientesdetarde.com\/index.php\/wp-json\/wp\/v2\/media\/254355"}],"wp:attachment":[{"href":"https:\/\/corrientesdetarde.com\/index.php\/wp-json\/wp\/v2\/media?parent=254354"}],"wp:term":[{"taxonomy":"category","embeddable":true,"href":"https:\/\/corrientesdetarde.com\/index.php\/wp-json\/wp\/v2\/categories?post=254354"},{"taxonomy":"post_tag","embeddable":true,"href":"https:\/\/corrientesdetarde.com\/index.php\/wp-json\/wp\/v2\/tags?post=254354"}],"curies":[{"name":"wp","href":"https:\/\/api.w.org\/{rel}","templated":true}]}}