{"id":254374,"date":"2026-04-29T08:26:42","date_gmt":"2026-04-29T11:26:42","guid":{"rendered":"https:\/\/corrientesdetarde.com\/?p=254374"},"modified":"2026-04-29T08:26:56","modified_gmt":"2026-04-29T11:26:56","slug":"el-gobernador-participo-de-un-foro-con-mandatarios","status":"publish","type":"post","link":"https:\/\/corrientesdetarde.com\/index.php\/actualidad\/el-gobernador-participo-de-un-foro-con-mandatarios\/","title":{"rendered":"El Gobernador particip\u00f3 de un foro con mandatarios"},"content":{"rendered":"\n<p>El Gobernador particip\u00f3 de un foro con mandatarios, respald\u00f3 el equilibrio fiscal con advertencias por infraestructura y realiz\u00f3 gestiones reservadas por terrenos nacionales. Present\u00f3 ArteCo 2026 y cerr\u00f3 la jornada con la inauguraci\u00f3n de la costanera de Goya.<\/p>\n\n\n\n<p><a href=\"https:\/\/api.whatsapp.com\/send?text=%22Hay%20que%20ser%20eficientes%22:%20JP%20Vald%C3%A9s%20dej%C3%B3%20respaldo%20y%20demandas%20en%20CABA%20-%20https:\/\/www.diarioepoca.com\/1379118-hay-que-ser-eficientes-jp-valdes-dejo-respaldo-y-demandas-en-caba?utm_source=WhatsApp%26utm_medium=WhatsApp%26utm_campaign=WhatsApp%26utm_term=WhatsApp\" target=\"_blank\" rel=\"noreferrer noopener\"><\/a><a href=\"https:\/\/www.diarioepoca.com\/1379118-hay-que-ser-eficientes-jp-valdes-dejo-respaldo-y-demandas-en-caba#\"><\/a><a href=\"https:\/\/www.diarioepoca.com\/1379118-hay-que-ser-eficientes-jp-valdes-dejo-respaldo-y-demandas-en-caba#\"><\/a><\/p>\n\n\n\n<p>La irrupci\u00f3n de Juan Pablo Vald\u00e9s en la ciudad de Buenos Aires combin\u00f3 este martes cuatro planos de acci\u00f3n: una exposici\u00f3n p\u00fablica junto a otros gobernadores con definiciones sobre el rumbo econ\u00f3mico, gestiones reservadas con Naci\u00f3n por terrenos estrat\u00e9gicos en Corrientes, la presentaci\u00f3n en CABA de ArteCo 2026 y un cierre territorial con la inauguraci\u00f3n de la Costanera de Goya.<\/p>\n\n\n\n<p>La agenda, que no figuraba oficialmente, volvi\u00f3 a mostrar la doble l\u00f3gica del mandatario: alineamiento general con la macroeconom\u00eda nacional y, al mismo tiempo, negociaciones puntuales para sostener la agenda provincial.<\/p>\n\n\n\n<p>En el foro que comparti\u00f3 con sus pares Ra\u00fal Jalil (Catamarca) y Alfredo Cornejo (Mendoza), Vald\u00e9s dej\u00f3 frases que sintetizan su posicionamiento. &#8220;Hoy hay que adaptarse a un contexto nacional que claramente propone la competencia&#8221;, sostuvo, y agreg\u00f3: &#8220;Ya no tenemos un Estado que venga a solucionar todo, a proponer obra p\u00fablica como motor de la microeconom\u00eda&#8221;.<\/p>\n\n\n\n<p>En esa l\u00ednea, remarc\u00f3 que &#8220;hay que buscar la eficiencia, el Estado provincial tambi\u00e9n tiene que buscar ser eficiente&#8221;.<\/p>\n\n\n\n<p>El correntino acompa\u00f1\u00f3 el diagn\u00f3stico positivo sobre la estabilidad macroecon\u00f3mica y el equilibrio fiscal, en sinton\u00eda con sus pares, pero introdujo matices vinculados al desarrollo federal. &#8220;No se puede gastar m\u00e1s de lo que entra&#8221;, se\u00f1al\u00f3 en l\u00ednea con la prudencia fiscal, aunque advirti\u00f3 sobre las condiciones necesarias para sostener el crecimiento en las provincias.<\/p>\n\n\n\n<p>En ese marco, insisti\u00f3 en la necesidad de fortalecer la infraestructura: rutas, energ\u00eda y log\u00edstica como base para atraer inversiones y evitar que las asimetr\u00edas regionales se profundicen.<\/p>\n\n\n\n<p>Ese posicionamiento dialoga con el contexto nacional: una administraci\u00f3n que promueve la inversi\u00f3n privada como motor de la obra p\u00fablica y provincias que, en muchos casos, comienzan a absorber responsabilidades hist\u00f3ricamente centralizadas. All\u00ed, Vald\u00e9s se mostr\u00f3 pragm\u00e1tico: respald\u00f3 el rumbo, pero dej\u00f3 planteado que la transici\u00f3n requerir\u00e1 acompa\u00f1amiento.<\/p>\n\n\n\n<p>Antes, en la ma\u00f1ana el mandatario concret\u00f3 en CABA, junto a la presidenta del Instituto de Cultura, Lourdes S\u00e1nchez la presentaci\u00f3n de ArteCo 2026, la Feria de Arte Contempor\u00e1neo de Corrientes que se realizar\u00e1 del 21 al 24 de mayo en la capital provincial. Acompa\u00f1\u00f3 en el evento la presidente del Banco de Corrientes, Laura Sprovieri.<\/p>\n\n\n\n<h2 class=\"wp-block-heading\">Terrenos militares<\/h2>\n\n\n\n<p>En paralelo a su exposici\u00f3n p\u00fablica y la presentaci\u00f3n de la edici\u00f3n 2026 de ArteCo, el gobernador habr\u00eda avanzado en gestiones con organismos nacionales por el traspaso de terrenos militares a la \u00f3rbita provincial. Si bien no hubo confirmaci\u00f3n oficial, el viaje rel\u00e1mpago a Buenos Aires habr\u00eda tenido como objetivo cerrar acuerdos vinculados a seis lotes ubicados en el barrio Camb\u00e1 Cu\u00e1, una de las zonas de mayor cotizaci\u00f3n inmobiliaria de la capital correntina.<\/p>\n\n\n\n<p>La posibilidad de que esos inmuebles pasen a la Provincia se enmarca en negociaciones m\u00e1s amplias entre Corrientes y Naci\u00f3n, donde se analiza compensar deudas \u0097particularmente vinculadas a ANSES\u0097 mediante la cesi\u00f3n de activos.<\/p>\n\n\n\n<p>Hasta ahora, las conversaciones se hab\u00edan centrado en \u00e1reas portuarias y predios del ex Regimiento 9, por lo que la eventual inclusi\u00f3n de estos lotes introduce un elemento novedoso y de alto impacto urbano y pol\u00edtico. De concretarse, la operaci\u00f3n podr\u00eda redefinir el mapa de desarrollo en un sector estrat\u00e9gico cercano a la costanera General San Mart\u00edn y a la residencia oficial del gobernador.<\/p>\n\n\n\n<h2 class=\"wp-block-heading\">Costanera goyana<\/h2>\n\n\n\n<p>La jornada de Vald\u00e9s cerr\u00f3 lejos de los despachos porte\u00f1os. Por la noche, el mandatario regres\u00f3 en vuelo a Corrientes y se traslad\u00f3 directamente a Goya para encabezar la inauguraci\u00f3n de obras en la costanera local, un acto previsto para las 20.<\/p>\n\n\n\n<p>La presencia all\u00ed no fue menor: funcion\u00f3 como gesto de gesti\u00f3n concreta y anclaje territorial, en contraste con las negociaciones en la capital nacional.<\/p>\n\n\n\n<p>En este caso, la obra de la costanera goyana cont\u00f3 con una inversi\u00f3n de la Provincia superior a los 6.920 millones de pesos y se realiz\u00f3 con financiamiento \u00edntegramente provincial. Esta nueva costanera se extiende a lo largo de casi 500 metros y fue dise\u00f1ada en dos niveles. Como complemento, la renovada plaza Italia se integra al paseo costero.<\/p>\n\n\n\n<p>As\u00ed, en la noche de este martes, el Gobernador cort\u00f3 cinta en un evento acoplado a la multitudinaria Fiesta Nacional del Surub\u00ed que comienza este mi\u00e9rcoles en Goya y se extender\u00e1 el fin de semana largo.<\/p>\n","protected":false},"excerpt":{"rendered":"<p>El Gobernador particip\u00f3 de un foro con mandatarios, respald\u00f3 el equilibrio fiscal con advertencias por infraestructura y realiz\u00f3 gestiones reservadas por terrenos nacionales. Present\u00f3 ArteCo 2026 y cerr\u00f3 la jornada&hellip; <\/p>\n","protected":false},"author":8,"featured_media":254375,"comment_status":"closed","ping_status":"open","sticky":false,"template":"","format":"standard","meta":{"footnotes":""},"categories":[23],"tags":[],"class_list":["post-254374","post","type-post","status-publish","format-standard","has-post-thumbnail","hentry","category-actualidad"],"_links":{"self":[{"href":"https:\/\/corrientesdetarde.com\/index.php\/wp-json\/wp\/v2\/posts\/254374","targetHints":{"allow":["GET"]}}],"collection":[{"href":"https:\/\/corrientesdetarde.com\/index.php\/wp-json\/wp\/v2\/posts"}],"about":[{"href":"https:\/\/corrientesdetarde.com\/index.php\/wp-json\/wp\/v2\/types\/post"}],"author":[{"embeddable":true,"href":"https:\/\/corrientesdetarde.com\/index.php\/wp-json\/wp\/v2\/users\/8"}],"replies":[{"embeddable":true,"href":"https:\/\/corrientesdetarde.com\/index.php\/wp-json\/wp\/v2\/comments?post=254374"}],"version-history":[{"count":1,"href":"https:\/\/corrientesdetarde.com\/index.php\/wp-json\/wp\/v2\/posts\/254374\/revisions"}],"predecessor-version":[{"id":254376,"href":"https:\/\/corrientesdetarde.com\/index.php\/wp-json\/wp\/v2\/posts\/254374\/revisions\/254376"}],"wp:featuredmedia":[{"embeddable":true,"href":"https:\/\/corrientesdetarde.com\/index.php\/wp-json\/wp\/v2\/media\/254375"}],"wp:attachment":[{"href":"https:\/\/corrientesdetarde.com\/index.php\/wp-json\/wp\/v2\/media?parent=254374"}],"wp:term":[{"taxonomy":"category","embeddable":true,"href":"https:\/\/corrientesdetarde.com\/index.php\/wp-json\/wp\/v2\/categories?post=254374"},{"taxonomy":"post_tag","embeddable":true,"href":"https:\/\/corrientesdetarde.com\/index.php\/wp-json\/wp\/v2\/tags?post=254374"}],"curies":[{"name":"wp","href":"https:\/\/api.w.org\/{rel}","templated":true}]}}