{"id":254380,"date":"2026-04-29T09:37:44","date_gmt":"2026-04-29T12:37:44","guid":{"rendered":"https:\/\/corrientesdetarde.com\/?p=254380"},"modified":"2026-04-29T09:37:45","modified_gmt":"2026-04-29T12:37:45","slug":"juan-pablo-valdes-inauguro-la-nueva-costanera-de-goya-con-una-inversion-millonaria","status":"publish","type":"post","link":"https:\/\/corrientesdetarde.com\/index.php\/destacados\/juan-pablo-valdes-inauguro-la-nueva-costanera-de-goya-con-una-inversion-millonaria\/","title":{"rendered":"Juan Pablo Vald\u00e9s inaugur\u00f3 la nueva costanera de Goya con una inversi\u00f3n millonaria"},"content":{"rendered":"\n<p>La nueva\u00a0<strong>costanera de Goya<\/strong>\u00a0fue inaugurada este martes por la noche, en un acto encabezado por el gobernador<strong>\u00a0Juan Pablo Vald\u00e9s<\/strong>. La obra, financiada en su totalidad por la provincia de Corrientes, se presenta como un eje estrat\u00e9gico para el crecimiento de la ciudad.<\/p>\n\n\n\n<p><\/p>\n\n\n\n<p>La habilitaci\u00f3n se realiz\u00f3 en el marco de la&nbsp;<strong>49\u00b0 Fiesta Nacional del Surub\u00ed,<\/strong>&nbsp;uno de los eventos m\u00e1s convocantes de la regi\u00f3n. Durante el acto, el mandatario destac\u00f3 la magnitud de la inversi\u00f3n y el impacto de la intervenci\u00f3n en la ribera local.<\/p>\n\n\n\n<p>\u201cEl Gobierno de Corrientes destin\u00f3 casi 26 mil millones de pesos a la costanera. Eso es lo que significa Goya para nosotros\u201d, afirm\u00f3 Vald\u00e9s, al resaltar el esfuerzo econ\u00f3mico enfocado a recuperar un espacio emblem\u00e1tico.&nbsp;<\/p>\n\n\n\n<h2 class=\"wp-block-heading\">Una obra que redefine la ribera<\/h2>\n\n\n\n<figure class=\"wp-block-image\"><img decoding=\"async\" src=\"https:\/\/pxcdn.ellitoral.com.ar\/litoral\/042026\/1777459377445.jpeg?cw=807\" alt=\"Juan Pablo Vald\u00e9s inaugur\u00f3 la nueva costanera de Goya con una inversi\u00f3n millonaria\" title=\"Juan Pablo Vald\u00e9s inaugur\u00f3 la nueva costanera de Goya con una inversi\u00f3n millonaria-\"\/><\/figure>\n\n\n\n<p>El proyecto surgi\u00f3 tras el derrumbe de un sector del paseo en 2022, durante la gesti\u00f3n del entonces gobernador&nbsp;<strong>Gustavo Vald\u00e9s.<\/strong>&nbsp;Lo que inicialmente fue una reparaci\u00f3n puntual se convirti\u00f3 en una obra integral de mayor escala.<\/p>\n\n\n\n<p>La nueva infraestructura abarca cerca de&nbsp;<strong>500 metros de extensi\u00f3n<\/strong>&nbsp;y se organiza en dos niveles. El superior ofrece vistas al r\u00edo Paran\u00e1, mientras que el inferior permite un contacto m\u00e1s directo con el entorno natural.<\/p>\n\n\n\n<p>Ambos sectores est\u00e1n conectados mediante terrazas, escalinatas, grader\u00edas y rampas que garantizan&nbsp;<strong>accesibilidad<\/strong>. La intervenci\u00f3n incluy\u00f3 adem\u00e1s defensas costeras de hormig\u00f3n, sistemas de desag\u00fce y nueva iluminaci\u00f3n.<\/p>\n\n\n\n<h2 class=\"wp-block-heading\">Proyecci\u00f3n y servicios<\/h2>\n\n\n\n<p>El gobernador anticip\u00f3 la posibilidad de ampliar la obra en una pr\u00f3xima etapa. \u201cAhora queda trabajar en c\u00f3mo vamos a hacer la prolongaci\u00f3n de esta gran obra\u201d, se\u00f1al\u00f3 junto al intendente&nbsp;<strong>Mariano Hormaechea.<\/strong><\/p>\n\n\n\n<figure class=\"wp-block-image\"><img decoding=\"async\" src=\"https:\/\/pxcdn.ellitoral.com.ar\/litoral\/042026\/1777459433295.jpg?cw=807\" alt=\"Juan Pablo Vald\u00e9s inaugur\u00f3 la nueva costanera de Goya con una inversi\u00f3n millonaria\" title=\"Juan Pablo Vald\u00e9s inaugur\u00f3 la nueva costanera de Goya con una inversi\u00f3n millonaria-\"\/><\/figure>\n\n\n\n<p><a href=\"https:\/\/www.ellitoral.com.ar\/radio\/2026-4-28-10-54-0-costanera-de-goya-es-totalmente-distinta-pensada-para-ver-a-cualquier-punto-del-rio\"><\/a><\/p>\n","protected":false},"excerpt":{"rendered":"<p>La nueva\u00a0costanera de Goya\u00a0fue inaugurada este martes por la noche, en un acto encabezado por el gobernador\u00a0Juan Pablo Vald\u00e9s. La obra, financiada en su totalidad por la provincia de Corrientes,&hellip; <\/p>\n","protected":false},"author":1,"featured_media":254389,"comment_status":"closed","ping_status":"open","sticky":false,"template":"","format":"standard","meta":{"footnotes":""},"categories":[26],"tags":[],"class_list":["post-254380","post","type-post","status-publish","format-standard","has-post-thumbnail","hentry","category-destacados"],"_links":{"self":[{"href":"https:\/\/corrientesdetarde.com\/index.php\/wp-json\/wp\/v2\/posts\/254380","targetHints":{"allow":["GET"]}}],"collection":[{"href":"https:\/\/corrientesdetarde.com\/index.php\/wp-json\/wp\/v2\/posts"}],"about":[{"href":"https:\/\/corrientesdetarde.com\/index.php\/wp-json\/wp\/v2\/types\/post"}],"author":[{"embeddable":true,"href":"https:\/\/corrientesdetarde.com\/index.php\/wp-json\/wp\/v2\/users\/1"}],"replies":[{"embeddable":true,"href":"https:\/\/corrientesdetarde.com\/index.php\/wp-json\/wp\/v2\/comments?post=254380"}],"version-history":[{"count":1,"href":"https:\/\/corrientesdetarde.com\/index.php\/wp-json\/wp\/v2\/posts\/254380\/revisions"}],"predecessor-version":[{"id":254390,"href":"https:\/\/corrientesdetarde.com\/index.php\/wp-json\/wp\/v2\/posts\/254380\/revisions\/254390"}],"wp:featuredmedia":[{"embeddable":true,"href":"https:\/\/corrientesdetarde.com\/index.php\/wp-json\/wp\/v2\/media\/254389"}],"wp:attachment":[{"href":"https:\/\/corrientesdetarde.com\/index.php\/wp-json\/wp\/v2\/media?parent=254380"}],"wp:term":[{"taxonomy":"category","embeddable":true,"href":"https:\/\/corrientesdetarde.com\/index.php\/wp-json\/wp\/v2\/categories?post=254380"},{"taxonomy":"post_tag","embeddable":true,"href":"https:\/\/corrientesdetarde.com\/index.php\/wp-json\/wp\/v2\/tags?post=254380"}],"curies":[{"name":"wp","href":"https:\/\/api.w.org\/{rel}","templated":true}]}}