{"id":254382,"date":"2026-04-29T09:31:15","date_gmt":"2026-04-29T12:31:15","guid":{"rendered":"https:\/\/corrientesdetarde.com\/?p=254382"},"modified":"2026-04-29T09:31:27","modified_gmt":"2026-04-29T12:31:27","slug":"impresionante-vuelco-de-un-automovil-en-pleno-microcentro-capitalino","status":"publish","type":"post","link":"https:\/\/corrientesdetarde.com\/index.php\/locales\/impresionante-vuelco-de-un-automovil-en-pleno-microcentro-capitalino\/","title":{"rendered":"Impresionante vuelco de un autom\u00f3vil en pleno microcentro capitalino"},"content":{"rendered":"\n<p>Un inusual siniestro vial ocurri\u00f3 la ma\u00f1ana de este mi\u00e9rcoles en pleno microcentro de la ciudad Capital. El hecho ocurri\u00f3 sobre la calle\u00a0<strong>9 de Julio, entre San Luis y Tucum\u00e1n<\/strong>, a metros del ingreso al\u00a0<strong>Instituto de la Misericordia<\/strong>.<\/p>\n\n\n\n<p><\/p>\n\n\n\n<p>El incidente fue protagonizado por dos veh\u00edculos, un&nbsp;<strong>Ford Ka&nbsp;<\/strong>&nbsp;y un&nbsp;<strong>Chevrolet Prisma&nbsp;<\/strong>que prestaba servicio de transporte a trav\u00e9s de la&nbsp;<strong>plataforma de transporte<\/strong>.<\/p>\n\n\n\n<p>El choque a mitad de la mencionda cuadra, lo que provoc\u00f3 el vuelco de uno de los veh\u00edculos.&nbsp;<\/p>\n\n\n\n<h3 class=\"wp-block-heading\"><strong>Heridos y asistencia m\u00e9dica<\/strong><\/h3>\n\n\n\n<p>Pese a lo llamativo del vuelco, no se registraron v\u00edctimas fatales. La \u00fanica persona asistida fue una&nbsp;<strong>mujer que viajaba como pasajera de la aplicaci\u00f3n Uber<\/strong>.<\/p>\n\n\n\n<p>Tanto el chofer como su pasajera resultaron ilesos, as\u00ed como el conductor del otro veh\u00edculo.<\/p>\n\n\n\n<h3 class=\"wp-block-heading\"><strong>Retraso en el tr\u00e1nsito y operativo&nbsp;<\/strong><\/h3>\n\n\n\n<p>Debido a que el Chevrolet Prisma qued\u00f3 completamente dado vuelta obstruyendo la calzada, el&nbsp;<strong>tr\u00e1nsito fue cortado totalmente<\/strong>&nbsp;sobre calle 9 de Julio.<\/p>\n\n\n\n<p>Se pide a los conductores que eviten la zona para evitar demoras, adem\u00e1s el incidente coincidi\u00f3 con el horario de ingreso escolar.<\/p>\n","protected":false},"excerpt":{"rendered":"<p>Un inusual siniestro vial ocurri\u00f3 la ma\u00f1ana de este mi\u00e9rcoles en pleno microcentro de la ciudad Capital. El hecho ocurri\u00f3 sobre la calle\u00a09 de Julio, entre San Luis y Tucum\u00e1n,&hellip; <\/p>\n","protected":false},"author":1,"featured_media":254383,"comment_status":"closed","ping_status":"open","sticky":false,"template":"","format":"standard","meta":{"footnotes":""},"categories":[8],"tags":[],"class_list":["post-254382","post","type-post","status-publish","format-standard","has-post-thumbnail","hentry","category-locales"],"_links":{"self":[{"href":"https:\/\/corrientesdetarde.com\/index.php\/wp-json\/wp\/v2\/posts\/254382","targetHints":{"allow":["GET"]}}],"collection":[{"href":"https:\/\/corrientesdetarde.com\/index.php\/wp-json\/wp\/v2\/posts"}],"about":[{"href":"https:\/\/corrientesdetarde.com\/index.php\/wp-json\/wp\/v2\/types\/post"}],"author":[{"embeddable":true,"href":"https:\/\/corrientesdetarde.com\/index.php\/wp-json\/wp\/v2\/users\/1"}],"replies":[{"embeddable":true,"href":"https:\/\/corrientesdetarde.com\/index.php\/wp-json\/wp\/v2\/comments?post=254382"}],"version-history":[{"count":1,"href":"https:\/\/corrientesdetarde.com\/index.php\/wp-json\/wp\/v2\/posts\/254382\/revisions"}],"predecessor-version":[{"id":254384,"href":"https:\/\/corrientesdetarde.com\/index.php\/wp-json\/wp\/v2\/posts\/254382\/revisions\/254384"}],"wp:featuredmedia":[{"embeddable":true,"href":"https:\/\/corrientesdetarde.com\/index.php\/wp-json\/wp\/v2\/media\/254383"}],"wp:attachment":[{"href":"https:\/\/corrientesdetarde.com\/index.php\/wp-json\/wp\/v2\/media?parent=254382"}],"wp:term":[{"taxonomy":"category","embeddable":true,"href":"https:\/\/corrientesdetarde.com\/index.php\/wp-json\/wp\/v2\/categories?post=254382"},{"taxonomy":"post_tag","embeddable":true,"href":"https:\/\/corrientesdetarde.com\/index.php\/wp-json\/wp\/v2\/tags?post=254382"}],"curies":[{"name":"wp","href":"https:\/\/api.w.org\/{rel}","templated":true}]}}