{"id":254393,"date":"2026-04-29T09:59:21","date_gmt":"2026-04-29T12:59:21","guid":{"rendered":"https:\/\/corrientesdetarde.com\/?p=254393"},"modified":"2026-04-29T10:04:27","modified_gmt":"2026-04-29T13:04:27","slug":"corrientes-impulsa-la-peregrinacion-de-san-luis-del-palmar-a-itati-como-patrimonio-cultural-inmaterial-de-la-humanidad","status":"publish","type":"post","link":"https:\/\/corrientesdetarde.com\/index.php\/actualidad\/corrientes-impulsa-la-peregrinacion-de-san-luis-del-palmar-a-itati-como-patrimonio-cultural-inmaterial-de-la-humanidad\/","title":{"rendered":"Corrientes impulsa la Peregrinaci\u00f3n de San Luis del Palmar a Itat\u00ed como Patrimonio Cultural Inmaterial de la Humanidad"},"content":{"rendered":"\n<p>La provincia de Corrientes avanza hacia un hecho hist\u00f3rico: la postulaci\u00f3n de la tradicional Peregrinaci\u00f3n de San Luis del Palmar a Itat\u00ed para su reconocimiento como Patrimonio Cultural Inmaterial de la Humanidad ante la UNESCO, siguiendo el camino ya logrado por el Chamam\u00e9.<\/p>\n\n\n\n<p>En este contexto, en el Sal\u00f3n de los Pasos Perdidos de la Legislatura provincial se inaugur\u00f3 la muestra \u201cLa Fe que Camina\u201d, organizada por el Museo del Pueblo Peregrino y el \u00e1rea de Cultura Senado; dicha exposici\u00f3n pone en valor el profundo significado cultural, comunitario y espiritual de esta manifestaci\u00f3n centenaria, y podr\u00e1 ser visitada por el p\u00fablico hasta el 15 de mayo.<\/p>\n\n\n\n<p>La doctora Gabriela Basualdo, integrante del equipo t\u00e9cnico encargado de la postulaci\u00f3n ante la UNESCO, destac\u00f3 el car\u00e1cter colectivo de la iniciativa y convoc\u00f3 a la comunidad a participar activamente. \u201cEste es un trabajo del pueblo, de las organizaciones y de todos los que sostienen viva la peregrinaci\u00f3n. Necesitamos que cada correntino sea parte de este proceso\u201d, expres\u00f3.<\/p>\n\n\n\n<p>Por su parte, la senadora nacional Gabriela Valenzuela, autora del proyecto de ley que propone declarar a la peregrinaci\u00f3n como patrimonio cultural argentino, subray\u00f3 la importancia de esta expresi\u00f3n como s\u00edmbolo identitario. \u201cSe trata de una manifestaci\u00f3n viva de fe, cultura e identidad que debe ser preservada, transmitida y proyectada al mundo\u201d, afirm\u00f3, remarcando adem\u00e1s que esta iniciativa constituye \u201cun paso fundamental hacia su reconocimiento internacional\u201d.<\/p>\n\n\n\n<p>En tanto, el vicegobernador Pedro Braillard Poccard resalt\u00f3 el origen popular de la propuesta y su profundo arraigo en la comunidad. \u201cEs una iniciativa que surgi\u00f3 de un grupo de personas comprometidas, entre ellas la doctora Basualdo, quien tambi\u00e9n trabaj\u00f3 para que el chamam\u00e9 fuera reconocido a nivel mundial. La peregrinaci\u00f3n tiene m\u00e1s de 120 a\u00f1os de historia, se remonta a los inicios del siglo XX y se transmite de generaci\u00f3n en generaci\u00f3n\u201d, se\u00f1al\u00f3.<\/p>\n\n\n\n<p>Asimismo, destac\u00f3 el esfuerzo que implica esta manifestaci\u00f3n de fe que, durante tres d\u00edas, recorre localidades como San Cosme, Paso de la Patria, Ramada Paso y culmina en Itat\u00ed. \u201cEs una tradici\u00f3n que naci\u00f3 del pueblo y trasciende las creencias individuales. Representa un homenaje a quienes la sostuvieron a lo largo del tiempo y un legado cultural que merece ser reconocido. Con el acompa\u00f1amiento de la comunidad, este objetivo ser\u00e1 posible\u201d, concluy\u00f3.<\/p>\n\n\n\n<p>La Peregrinaci\u00f3n de San Luis del Palmar a Itat\u00ed constituye una de las expresiones m\u00e1s significativas del patrimonio cultural y religioso correntino, consolid\u00e1ndose como un s\u00edmbolo de identidad colectiva que busca proyectarse al mundo.<\/p>\n\n\n\n<figure class=\"wp-block-image size-large\"><img loading=\"lazy\" decoding=\"async\" width=\"1024\" height=\"683\" src=\"https:\/\/corrientesdetarde.com\/wp-content\/uploads\/2026\/04\/WhatsApp-Image-2026-04-29-at-09.29.06-1024x683.jpeg\" alt=\"\" class=\"wp-image-254397\" srcset=\"https:\/\/corrientesdetarde.com\/wp-content\/uploads\/2026\/04\/WhatsApp-Image-2026-04-29-at-09.29.06-1024x683.jpeg 1024w, https:\/\/corrientesdetarde.com\/wp-content\/uploads\/2026\/04\/WhatsApp-Image-2026-04-29-at-09.29.06-300x200.jpeg 300w, https:\/\/corrientesdetarde.com\/wp-content\/uploads\/2026\/04\/WhatsApp-Image-2026-04-29-at-09.29.06-768x512.jpeg 768w, https:\/\/corrientesdetarde.com\/wp-content\/uploads\/2026\/04\/WhatsApp-Image-2026-04-29-at-09.29.06-1536x1024.jpeg 1536w, https:\/\/corrientesdetarde.com\/wp-content\/uploads\/2026\/04\/WhatsApp-Image-2026-04-29-at-09.29.06.jpeg 1599w\" sizes=\"auto, (max-width: 1024px) 100vw, 1024px\" \/><\/figure>\n\n\n\n<figure class=\"wp-block-image size-large\"><img loading=\"lazy\" decoding=\"async\" width=\"1024\" height=\"683\" src=\"https:\/\/corrientesdetarde.com\/wp-content\/uploads\/2026\/04\/WhatsApp-Image-2026-04-29-at-09.29.07-1-1024x683.jpeg\" alt=\"\" class=\"wp-image-254398\" srcset=\"https:\/\/corrientesdetarde.com\/wp-content\/uploads\/2026\/04\/WhatsApp-Image-2026-04-29-at-09.29.07-1-1024x683.jpeg 1024w, https:\/\/corrientesdetarde.com\/wp-content\/uploads\/2026\/04\/WhatsApp-Image-2026-04-29-at-09.29.07-1-300x200.jpeg 300w, https:\/\/corrientesdetarde.com\/wp-content\/uploads\/2026\/04\/WhatsApp-Image-2026-04-29-at-09.29.07-1-768x512.jpeg 768w, https:\/\/corrientesdetarde.com\/wp-content\/uploads\/2026\/04\/WhatsApp-Image-2026-04-29-at-09.29.07-1-1536x1024.jpeg 1536w, https:\/\/corrientesdetarde.com\/wp-content\/uploads\/2026\/04\/WhatsApp-Image-2026-04-29-at-09.29.07-1.jpeg 1599w\" sizes=\"auto, (max-width: 1024px) 100vw, 1024px\" \/><\/figure>\n\n\n\n<figure class=\"wp-block-image size-large\"><img loading=\"lazy\" decoding=\"async\" width=\"1024\" height=\"683\" src=\"https:\/\/corrientesdetarde.com\/wp-content\/uploads\/2026\/04\/WhatsApp-Image-2026-04-29-at-09.29.07-1024x683.jpeg\" alt=\"\" class=\"wp-image-254396\" srcset=\"https:\/\/corrientesdetarde.com\/wp-content\/uploads\/2026\/04\/WhatsApp-Image-2026-04-29-at-09.29.07-1024x683.jpeg 1024w, https:\/\/corrientesdetarde.com\/wp-content\/uploads\/2026\/04\/WhatsApp-Image-2026-04-29-at-09.29.07-300x200.jpeg 300w, https:\/\/corrientesdetarde.com\/wp-content\/uploads\/2026\/04\/WhatsApp-Image-2026-04-29-at-09.29.07-768x512.jpeg 768w, https:\/\/corrientesdetarde.com\/wp-content\/uploads\/2026\/04\/WhatsApp-Image-2026-04-29-at-09.29.07-1536x1024.jpeg 1536w, https:\/\/corrientesdetarde.com\/wp-content\/uploads\/2026\/04\/WhatsApp-Image-2026-04-29-at-09.29.07.jpeg 1599w\" sizes=\"auto, (max-width: 1024px) 100vw, 1024px\" \/><\/figure>\n\n\n\n<figure class=\"wp-block-image size-large\"><img loading=\"lazy\" decoding=\"async\" width=\"1024\" height=\"683\" src=\"https:\/\/corrientesdetarde.com\/wp-content\/uploads\/2026\/04\/WhatsApp-Image-2026-04-29-at-09.29.06-1-1024x683.jpeg\" alt=\"\" class=\"wp-image-254394\" srcset=\"https:\/\/corrientesdetarde.com\/wp-content\/uploads\/2026\/04\/WhatsApp-Image-2026-04-29-at-09.29.06-1-1024x683.jpeg 1024w, https:\/\/corrientesdetarde.com\/wp-content\/uploads\/2026\/04\/WhatsApp-Image-2026-04-29-at-09.29.06-1-300x200.jpeg 300w, https:\/\/corrientesdetarde.com\/wp-content\/uploads\/2026\/04\/WhatsApp-Image-2026-04-29-at-09.29.06-1-768x512.jpeg 768w, https:\/\/corrientesdetarde.com\/wp-content\/uploads\/2026\/04\/WhatsApp-Image-2026-04-29-at-09.29.06-1-1536x1024.jpeg 1536w, https:\/\/corrientesdetarde.com\/wp-content\/uploads\/2026\/04\/WhatsApp-Image-2026-04-29-at-09.29.06-1.jpeg 1599w\" sizes=\"auto, (max-width: 1024px) 100vw, 1024px\" \/><\/figure>\n\n\n\n<figure class=\"wp-block-gallery has-nested-images columns-default is-cropped wp-block-gallery-1 is-layout-flex wp-block-gallery-is-layout-flex\">\n<figure class=\"wp-block-image size-large\"><img loading=\"lazy\" decoding=\"async\" width=\"683\" height=\"1024\" data-id=\"254404\" src=\"https:\/\/corrientesdetarde.com\/wp-content\/uploads\/2026\/04\/WhatsApp-Image-2026-04-29-at-09.29.09-683x1024.jpeg\" alt=\"\" class=\"wp-image-254404\" srcset=\"https:\/\/corrientesdetarde.com\/wp-content\/uploads\/2026\/04\/WhatsApp-Image-2026-04-29-at-09.29.09-683x1024.jpeg 683w, https:\/\/corrientesdetarde.com\/wp-content\/uploads\/2026\/04\/WhatsApp-Image-2026-04-29-at-09.29.09-200x300.jpeg 200w, https:\/\/corrientesdetarde.com\/wp-content\/uploads\/2026\/04\/WhatsApp-Image-2026-04-29-at-09.29.09-768x1152.jpeg 768w, https:\/\/corrientesdetarde.com\/wp-content\/uploads\/2026\/04\/WhatsApp-Image-2026-04-29-at-09.29.09-1024x1536.jpeg 1024w, https:\/\/corrientesdetarde.com\/wp-content\/uploads\/2026\/04\/WhatsApp-Image-2026-04-29-at-09.29.09.jpeg 1066w\" sizes=\"auto, (max-width: 683px) 100vw, 683px\" \/><\/figure>\n\n\n\n<figure class=\"wp-block-image size-large\"><img loading=\"lazy\" decoding=\"async\" width=\"1024\" height=\"683\" data-id=\"254402\" src=\"https:\/\/corrientesdetarde.com\/wp-content\/uploads\/2026\/04\/WhatsApp-Image-2026-04-29-at-09.29.08-1024x683.jpeg\" alt=\"\" class=\"wp-image-254402\" srcset=\"https:\/\/corrientesdetarde.com\/wp-content\/uploads\/2026\/04\/WhatsApp-Image-2026-04-29-at-09.29.08-1024x683.jpeg 1024w, https:\/\/corrientesdetarde.com\/wp-content\/uploads\/2026\/04\/WhatsApp-Image-2026-04-29-at-09.29.08-300x200.jpeg 300w, https:\/\/corrientesdetarde.com\/wp-content\/uploads\/2026\/04\/WhatsApp-Image-2026-04-29-at-09.29.08-768x512.jpeg 768w, https:\/\/corrientesdetarde.com\/wp-content\/uploads\/2026\/04\/WhatsApp-Image-2026-04-29-at-09.29.08-1536x1024.jpeg 1536w, https:\/\/corrientesdetarde.com\/wp-content\/uploads\/2026\/04\/WhatsApp-Image-2026-04-29-at-09.29.08.jpeg 1599w\" sizes=\"auto, (max-width: 1024px) 100vw, 1024px\" \/><\/figure>\n\n\n\n<figure class=\"wp-block-image size-large\"><img loading=\"lazy\" decoding=\"async\" width=\"1024\" height=\"683\" data-id=\"254403\" src=\"https:\/\/corrientesdetarde.com\/wp-content\/uploads\/2026\/04\/WhatsApp-Image-2026-04-29-at-09.29.08-1-1024x683.jpeg\" alt=\"\" class=\"wp-image-254403\" srcset=\"https:\/\/corrientesdetarde.com\/wp-content\/uploads\/2026\/04\/WhatsApp-Image-2026-04-29-at-09.29.08-1-1024x683.jpeg 1024w, https:\/\/corrientesdetarde.com\/wp-content\/uploads\/2026\/04\/WhatsApp-Image-2026-04-29-at-09.29.08-1-300x200.jpeg 300w, https:\/\/corrientesdetarde.com\/wp-content\/uploads\/2026\/04\/WhatsApp-Image-2026-04-29-at-09.29.08-1-768x512.jpeg 768w, https:\/\/corrientesdetarde.com\/wp-content\/uploads\/2026\/04\/WhatsApp-Image-2026-04-29-at-09.29.08-1-1536x1024.jpeg 1536w, https:\/\/corrientesdetarde.com\/wp-content\/uploads\/2026\/04\/WhatsApp-Image-2026-04-29-at-09.29.08-1.jpeg 1599w\" sizes=\"auto, (max-width: 1024px) 100vw, 1024px\" \/><\/figure>\n<\/figure>\n\n\n\n<figure class=\"wp-block-image size-large\"><img loading=\"lazy\" decoding=\"async\" width=\"1024\" height=\"683\" src=\"https:\/\/corrientesdetarde.com\/wp-content\/uploads\/2026\/04\/WhatsApp-Image-2026-04-29-at-09.29.06-2-1-1024x683.jpeg\" alt=\"\" class=\"wp-image-254406\" srcset=\"https:\/\/corrientesdetarde.com\/wp-content\/uploads\/2026\/04\/WhatsApp-Image-2026-04-29-at-09.29.06-2-1-1024x683.jpeg 1024w, https:\/\/corrientesdetarde.com\/wp-content\/uploads\/2026\/04\/WhatsApp-Image-2026-04-29-at-09.29.06-2-1-300x200.jpeg 300w, https:\/\/corrientesdetarde.com\/wp-content\/uploads\/2026\/04\/WhatsApp-Image-2026-04-29-at-09.29.06-2-1-768x512.jpeg 768w, https:\/\/corrientesdetarde.com\/wp-content\/uploads\/2026\/04\/WhatsApp-Image-2026-04-29-at-09.29.06-2-1-1536x1024.jpeg 1536w, https:\/\/corrientesdetarde.com\/wp-content\/uploads\/2026\/04\/WhatsApp-Image-2026-04-29-at-09.29.06-2-1.jpeg 1599w\" sizes=\"auto, (max-width: 1024px) 100vw, 1024px\" \/><\/figure>\n","protected":false},"excerpt":{"rendered":"<p>La provincia de Corrientes avanza hacia un hecho hist\u00f3rico: la postulaci\u00f3n de la tradicional Peregrinaci\u00f3n de San Luis del Palmar a Itat\u00ed para su reconocimiento como Patrimonio Cultural Inmaterial de&hellip; <\/p>\n","protected":false},"author":8,"featured_media":254401,"comment_status":"closed","ping_status":"open","sticky":false,"template":"","format":"standard","meta":{"footnotes":""},"categories":[23],"tags":[],"class_list":["post-254393","post","type-post","status-publish","format-standard","has-post-thumbnail","hentry","category-actualidad"],"_links":{"self":[{"href":"https:\/\/corrientesdetarde.com\/index.php\/wp-json\/wp\/v2\/posts\/254393","targetHints":{"allow":["GET"]}}],"collection":[{"href":"https:\/\/corrientesdetarde.com\/index.php\/wp-json\/wp\/v2\/posts"}],"about":[{"href":"https:\/\/corrientesdetarde.com\/index.php\/wp-json\/wp\/v2\/types\/post"}],"author":[{"embeddable":true,"href":"https:\/\/corrientesdetarde.com\/index.php\/wp-json\/wp\/v2\/users\/8"}],"replies":[{"embeddable":true,"href":"https:\/\/corrientesdetarde.com\/index.php\/wp-json\/wp\/v2\/comments?post=254393"}],"version-history":[{"count":2,"href":"https:\/\/corrientesdetarde.com\/index.php\/wp-json\/wp\/v2\/posts\/254393\/revisions"}],"predecessor-version":[{"id":254407,"href":"https:\/\/corrientesdetarde.com\/index.php\/wp-json\/wp\/v2\/posts\/254393\/revisions\/254407"}],"wp:featuredmedia":[{"embeddable":true,"href":"https:\/\/corrientesdetarde.com\/index.php\/wp-json\/wp\/v2\/media\/254401"}],"wp:attachment":[{"href":"https:\/\/corrientesdetarde.com\/index.php\/wp-json\/wp\/v2\/media?parent=254393"}],"wp:term":[{"taxonomy":"category","embeddable":true,"href":"https:\/\/corrientesdetarde.com\/index.php\/wp-json\/wp\/v2\/categories?post=254393"},{"taxonomy":"post_tag","embeddable":true,"href":"https:\/\/corrientesdetarde.com\/index.php\/wp-json\/wp\/v2\/tags?post=254393"}],"curies":[{"name":"wp","href":"https:\/\/api.w.org\/{rel}","templated":true}]}}