{"id":254408,"date":"2026-04-29T10:06:19","date_gmt":"2026-04-29T13:06:19","guid":{"rendered":"https:\/\/corrientesdetarde.com\/?p=254408"},"modified":"2026-04-29T10:06:25","modified_gmt":"2026-04-29T13:06:25","slug":"corrientes-rendira-homenaje-por-la-independencia-de-israel","status":"publish","type":"post","link":"https:\/\/corrientesdetarde.com\/index.php\/sociales\/corrientes-rendira-homenaje-por-la-independencia-de-israel\/","title":{"rendered":"Corrientes rendir\u00e1 homenaje por la independencia de Israel"},"content":{"rendered":"\n<p>La Vicegobernaci\u00f3n de Corrientes, a trav\u00e9s de la direcci\u00f3n de Relaciones Internacionales, Cooperaci\u00f3n e Integraci\u00f3n Regional, invitan a participar del acto conmemorativo por la independencia del Estado de Israel, que se llevar\u00e1 a cabo el pr\u00f3ximo jueves 30 de abril a las 19:30 horas, en el edificio ubicado en Salta 545 de la ciudad de Corrientes.<\/p>\n\n\n\n<p>La actividad estar\u00e1 encabezada por el vicegobernador, Dr. Pedro Braillard Poccard, y se enmarca en una agenda de fortalecimiento de los v\u00ednculos institucionales y culturales, destacando el valor de la cooperaci\u00f3n internacional.<\/p>\n\n\n\n<p>El encuentro, propone un espacio de reconocimiento a la historia, la identidad y los lazos entre los pueblos, en una fecha significativa para la comunidad israel\u00ed en todo el mundo.<\/p>\n\n\n\n<p>Esta conmemoraci\u00f3n se realiza dentro del Programa Luminarias por el que se rinde homenaje por la creaci\u00f3n o independencia de pa\u00edses hermanos que tengan representaci\u00f3n en Corrientes a trav\u00e9s de colectividades, por tal motivo la fachada de la Legislatura provincial fue iluminada d\u00edas atr\u00e1s con los colores de la Rep\u00fablica de Israel.<\/p>\n\n\n\n<figure class=\"wp-block-image size-large\"><img loading=\"lazy\" decoding=\"async\" width=\"1024\" height=\"724\" src=\"https:\/\/corrientesdetarde.com\/wp-content\/uploads\/2026\/04\/WhatsApp-Image-2026-04-29-at-09.29.07-2-1024x724.jpeg\" alt=\"\" class=\"wp-image-254409\" srcset=\"https:\/\/corrientesdetarde.com\/wp-content\/uploads\/2026\/04\/WhatsApp-Image-2026-04-29-at-09.29.07-2-1024x724.jpeg 1024w, https:\/\/corrientesdetarde.com\/wp-content\/uploads\/2026\/04\/WhatsApp-Image-2026-04-29-at-09.29.07-2-300x212.jpeg 300w, https:\/\/corrientesdetarde.com\/wp-content\/uploads\/2026\/04\/WhatsApp-Image-2026-04-29-at-09.29.07-2-768x543.jpeg 768w, https:\/\/corrientesdetarde.com\/wp-content\/uploads\/2026\/04\/WhatsApp-Image-2026-04-29-at-09.29.07-2-1536x1086.jpeg 1536w, https:\/\/corrientesdetarde.com\/wp-content\/uploads\/2026\/04\/WhatsApp-Image-2026-04-29-at-09.29.07-2.jpeg 1600w\" sizes=\"auto, (max-width: 1024px) 100vw, 1024px\" \/><\/figure>\n","protected":false},"excerpt":{"rendered":"<p>La Vicegobernaci\u00f3n de Corrientes, a trav\u00e9s de la direcci\u00f3n de Relaciones Internacionales, Cooperaci\u00f3n e Integraci\u00f3n Regional, invitan a participar del acto conmemorativo por la independencia del Estado de Israel, que&hellip; <\/p>\n","protected":false},"author":8,"featured_media":254409,"comment_status":"closed","ping_status":"open","sticky":false,"template":"","format":"standard","meta":{"footnotes":""},"categories":[17],"tags":[],"class_list":["post-254408","post","type-post","status-publish","format-standard","has-post-thumbnail","hentry","category-sociales"],"_links":{"self":[{"href":"https:\/\/corrientesdetarde.com\/index.php\/wp-json\/wp\/v2\/posts\/254408","targetHints":{"allow":["GET"]}}],"collection":[{"href":"https:\/\/corrientesdetarde.com\/index.php\/wp-json\/wp\/v2\/posts"}],"about":[{"href":"https:\/\/corrientesdetarde.com\/index.php\/wp-json\/wp\/v2\/types\/post"}],"author":[{"embeddable":true,"href":"https:\/\/corrientesdetarde.com\/index.php\/wp-json\/wp\/v2\/users\/8"}],"replies":[{"embeddable":true,"href":"https:\/\/corrientesdetarde.com\/index.php\/wp-json\/wp\/v2\/comments?post=254408"}],"version-history":[{"count":1,"href":"https:\/\/corrientesdetarde.com\/index.php\/wp-json\/wp\/v2\/posts\/254408\/revisions"}],"predecessor-version":[{"id":254410,"href":"https:\/\/corrientesdetarde.com\/index.php\/wp-json\/wp\/v2\/posts\/254408\/revisions\/254410"}],"wp:featuredmedia":[{"embeddable":true,"href":"https:\/\/corrientesdetarde.com\/index.php\/wp-json\/wp\/v2\/media\/254409"}],"wp:attachment":[{"href":"https:\/\/corrientesdetarde.com\/index.php\/wp-json\/wp\/v2\/media?parent=254408"}],"wp:term":[{"taxonomy":"category","embeddable":true,"href":"https:\/\/corrientesdetarde.com\/index.php\/wp-json\/wp\/v2\/categories?post=254408"},{"taxonomy":"post_tag","embeddable":true,"href":"https:\/\/corrientesdetarde.com\/index.php\/wp-json\/wp\/v2\/tags?post=254408"}],"curies":[{"name":"wp","href":"https:\/\/api.w.org\/{rel}","templated":true}]}}