{"id":254416,"date":"2026-04-29T10:26:53","date_gmt":"2026-04-29T13:26:53","guid":{"rendered":"https:\/\/corrientesdetarde.com\/?p=254416"},"modified":"2026-04-29T10:26:59","modified_gmt":"2026-04-29T13:26:59","slug":"silvina-escudero-se-separo-de-su-esposo-despues-de-nueve-anos-en-pareja-los-detalles-de-la-ruptura","status":"publish","type":"post","link":"https:\/\/corrientesdetarde.com\/index.php\/espectaculos\/silvina-escudero-se-separo-de-su-esposo-despues-de-nueve-anos-en-pareja-los-detalles-de-la-ruptura\/","title":{"rendered":"Silvina Escudero se separ\u00f3 de su esposo despu\u00e9s de nueve a\u00f1os en pareja: los detalles de la ruptura"},"content":{"rendered":"\n<p>El matrimonio lleg\u00f3 a su fin despu\u00e9s de casi cuatro a\u00f1os de casados. Adem\u00e1s, la bailarina confirm\u00f3 que hace un mes que dejaron de convivir.<\/p>\n\n\n\n<p><strong>Silvina Escudero\u00a0se separ\u00f3 de su marido Federico tras nueve a\u00f1os juntos y casi cuatro de casados.<\/strong><\/p>\n\n\n\n<p>Despu\u00e9s de que Pepe Ochoa diera primicia al aire de\u00a0<em>LAM (Am\u00e9rica)<\/em>, la bailarina se comunic\u00f3 con \u00c1ngel de Brito y le confirm\u00f3 la ruptura.<\/p>\n\n\n\n<p>Adem\u00e1s, aclar\u00f3 que se produjo hace un mes, cuando el empresario tom\u00f3 la decisi\u00f3n de mudarse de la casa familiar e instalarse&nbsp;<strong>en un departamento.<\/strong><\/p>\n\n\n\n<figure class=\"wp-block-image\"><img decoding=\"async\" src=\"https:\/\/tn.com.ar\/resizer\/v2\/silvina-escudero-y-federico-el-dia-de-su-casamiento-en-agosto-de-2022-foto-instagramescuderosilvina-XKFPQJGZRBBCVB3ZKHZXK4GLCQ.jpg?auth=6c18f6a7c6cc7e198f03136e3f775993e132b5e0835b1c640881bf95a91aa5ff&amp;width=767\" alt=\"Silvina Escudero y Federico, el d\u00eda de su casamiento en agosto de 2022 (Foto: Instagram\/escuderosilvina)\"\/><\/figure>\n\n\n\n<p>\u201cIntentaron remar el tema. Tuvieron crisis y volvieron, y hace un mes decidieron ponerle punto final a su matrimonio.<strong>&nbsp;El a\u00f1o pasado, m\u00e1s o menos en esta etapa del a\u00f1o, le pregunt\u00e9 porque me hab\u00eda llegado el rumor y me hab\u00eda dicho que estaban pele\u00e1ndola, que era una crisis, que no se hab\u00edan separado. Evidentemente desde ah\u00ed vienen mal\u201d,&nbsp;<\/strong>explic\u00f3 Ochoa.<\/p>\n\n\n\n<p>Acto seguido, dej\u00f3 en claro que no existieron infidelidades de ninguna de las partes: \u201cYa est\u00e1n separados. Trataron, pero no pudieron.&nbsp;<strong>No hay terceros en discordia. No es un tema que tenga que ver con eso. Es por el desgaste\u201d.<\/strong><\/p>\n\n\n\n<p>\u201cHabl\u00e9 esta tarde con Silvina y me sorprendi\u00f3 que me lo confirm\u00f3. Ella&nbsp;<strong>est\u00e1 bien de \u00e1nimo<\/strong>. Dice que hace mucho ven\u00edan con este tema ah\u00ed. Iban, ven\u00edan, pero es una pareja de nueve a\u00f1os.&nbsp;<strong>Estuvieron en Brasil de vacaciones, me dijo, volvieron y tomaron la decisi\u00f3n\u201d, concluy\u00f3 de Brito.<\/strong><\/p>\n\n\n\n<h2 class=\"wp-block-heading\">As\u00ed fue la historia de amor de Silvina Escudero y Federico<\/h2>\n\n\n\n<p>Lejos del mundo medi\u00e1tico,&nbsp;<strong>\u00e9l siempre eligi\u00f3 mantenerse alejado de las c\u00e1maras, algo que marc\u00f3 desde el inicio el v\u00ednculo con la bailarina<\/strong>. De hecho, el misterio alrededor de su identidad fue una constante, ya que no pertenece al ambiente art\u00edstico ni tiene exposici\u00f3n p\u00fablica.<\/p>\n\n\n\n<p>El flechazo tuvo un origen poco convencional:&nbsp;<strong>se conocieron en la guardia de un sanatorio<\/strong>, en un contexto completamente alejado del glamour televisivo. A partir de ah\u00ed comenzaron una relaci\u00f3n que, con el tiempo, se consolid\u00f3 pese a algunos obst\u00e1culos.<\/p>\n\n\n\n<p>Durante los primeros a\u00f1os atravesaron varias crisis e incluso una separaci\u00f3n que se extendi\u00f3 por unos ocho meses. Sin embargo, el v\u00ednculo pudo m\u00e1s: \u201c<strong>Es como la d\u00e9cima oportunidad que nos damos\u201d, lleg\u00f3 a confesar ella sobre las idas y vueltas<\/strong>&nbsp;que terminaron fortaleciendo la relaci\u00f3n.<\/p>\n\n\n\n<figure class=\"wp-block-image\"><img decoding=\"async\" src=\"https:\/\/tn.com.ar\/resizer\/v2\/silvina-escudero-y-federico-su-exmarido-foto-instagramescuderosilvina-NOB5AQVLANF4XEFGB34ZOOMEIE.jpg?auth=745fd9a32a0cb953b871116bffa327056c5f6794edf1337132b93885dacbe3af&amp;width=767\" alt=\"Silvina Escudero y Federico, su exmarido (Foto: Instagram\/escuderosilvina).\"\/><\/figure>\n\n\n\n<p>Tras m\u00e1s de cinco a\u00f1os de noviazgo, Federico decidi\u00f3 dar el gran paso con una propuesta digna de pel\u00edcula. Aprovech\u00f3 un viaje de Escudero a Espa\u00f1a para sorprenderla en Mallorca:&nbsp;<strong>apareci\u00f3 de manera inesperada frente al mar Mediterr\u00e1neo, con anillo, fecha de casamiento y una declaraci\u00f3n de amor que sell\u00f3 el compromiso.<\/strong><\/p>\n\n\n\n<p>Finalmente,<strong>&nbsp;la pareja se cas\u00f3 en agosto de 2022<\/strong>&nbsp;en una ceremonia \u00edntima rodeada de familiares y amigos, celebrando as\u00ed una relaci\u00f3n que supo reinventarse y apostar al amor a pesar de las diferencias.<\/p>\n","protected":false},"excerpt":{"rendered":"<p>El matrimonio lleg\u00f3 a su fin despu\u00e9s de casi cuatro a\u00f1os de casados. Adem\u00e1s, la bailarina confirm\u00f3 que hace un mes que dejaron de convivir. Silvina Escudero\u00a0se separ\u00f3 de su&hellip; <\/p>\n","protected":false},"author":8,"featured_media":254417,"comment_status":"closed","ping_status":"open","sticky":false,"template":"","format":"standard","meta":{"footnotes":""},"categories":[19],"tags":[],"class_list":["post-254416","post","type-post","status-publish","format-standard","has-post-thumbnail","hentry","category-espectaculos"],"_links":{"self":[{"href":"https:\/\/corrientesdetarde.com\/index.php\/wp-json\/wp\/v2\/posts\/254416","targetHints":{"allow":["GET"]}}],"collection":[{"href":"https:\/\/corrientesdetarde.com\/index.php\/wp-json\/wp\/v2\/posts"}],"about":[{"href":"https:\/\/corrientesdetarde.com\/index.php\/wp-json\/wp\/v2\/types\/post"}],"author":[{"embeddable":true,"href":"https:\/\/corrientesdetarde.com\/index.php\/wp-json\/wp\/v2\/users\/8"}],"replies":[{"embeddable":true,"href":"https:\/\/corrientesdetarde.com\/index.php\/wp-json\/wp\/v2\/comments?post=254416"}],"version-history":[{"count":1,"href":"https:\/\/corrientesdetarde.com\/index.php\/wp-json\/wp\/v2\/posts\/254416\/revisions"}],"predecessor-version":[{"id":254418,"href":"https:\/\/corrientesdetarde.com\/index.php\/wp-json\/wp\/v2\/posts\/254416\/revisions\/254418"}],"wp:featuredmedia":[{"embeddable":true,"href":"https:\/\/corrientesdetarde.com\/index.php\/wp-json\/wp\/v2\/media\/254417"}],"wp:attachment":[{"href":"https:\/\/corrientesdetarde.com\/index.php\/wp-json\/wp\/v2\/media?parent=254416"}],"wp:term":[{"taxonomy":"category","embeddable":true,"href":"https:\/\/corrientesdetarde.com\/index.php\/wp-json\/wp\/v2\/categories?post=254416"},{"taxonomy":"post_tag","embeddable":true,"href":"https:\/\/corrientesdetarde.com\/index.php\/wp-json\/wp\/v2\/tags?post=254416"}],"curies":[{"name":"wp","href":"https:\/\/api.w.org\/{rel}","templated":true}]}}