{"id":254419,"date":"2026-04-29T10:39:02","date_gmt":"2026-04-29T13:39:02","guid":{"rendered":"https:\/\/corrientesdetarde.com\/?p=254419"},"modified":"2026-04-29T10:39:15","modified_gmt":"2026-04-29T13:39:15","slug":"el-presidente-del-banco-central-afirmo-que-el-dolar-flota-libremente-y-le-resto-importancia-al-alza-de-la-mora","status":"publish","type":"post","link":"https:\/\/corrientesdetarde.com\/index.php\/economia\/el-presidente-del-banco-central-afirmo-que-el-dolar-flota-libremente-y-le-resto-importancia-al-alza-de-la-mora\/","title":{"rendered":"El presidente del Banco Central afirm\u00f3 que el d\u00f3lar flota libremente y le rest\u00f3 importancia al alza de la mora"},"content":{"rendered":"\n<p>Santiago Bausili habl\u00f3 ante empresarios y participantes del mercado financiero. Consider\u00f3 que el programa econ\u00f3mico funcion\u00f3 como se esperaba y anticip\u00f3 una leve recuperaci\u00f3n en el cr\u00e9dito y nivel de actividad.<\/p>\n\n\n\n<p>El jefe del Banco Central (BCRA),\u00a0<strong>Santiago Bausili<\/strong>, defendi\u00f3 este mi\u00e9rcoles el plan econ\u00f3mico, el esquema cambiario y asegur\u00f3 que\u00a0el crecimiento de la morosidad\u00a0es compatible con el<strong>\u00a0aumento del cr\u00e9dito<\/strong>.<\/p>\n\n\n\n<p>Con respecto al\u00a0<strong>d\u00f3lar<\/strong>, el funcionario explic\u00f3 que el esquema de<strong>\u00a0bandas cambiarias<\/strong>\u00a0puesto en marcha en abril del a\u00f1o pasado fue concebido con dos objetivos: ir naturalmente hacia la\u00a0<strong>flotaci\u00f3n<\/strong>\u00a0y\u00a0<strong>contener las expectativas de devaluaci\u00f3n<\/strong>.<\/p>\n\n\n\n<p>\u201cPoca gente hoy piensa en el techo de la banda\u201d, asegur\u00f3 en su exposici\u00f3n en el Congreso Econ\u00f3mico Argentino. All\u00ed, . En esa l\u00ednea, resalt\u00f3: \u201cHoy el&nbsp;<strong>r\u00e9gimen cambiario<\/strong>&nbsp;en la Argentina es efectivamente de&nbsp;<strong>libre flotaci\u00f3n<\/strong>\u201d.<\/p>\n\n\n\n<p>Bausili afirm\u00f3 que&nbsp;<strong>las expectativas permanecen ancladas<\/strong>&nbsp;y que la pol\u00edtica monetaria est\u00e1 enfocada en que la inflaci\u00f3n argentina converja a la internacional. \u201cLos movimientos en el tipo de cambio&nbsp;<strong>no tuvieron impacto en el precio de los bienes<\/strong>. Es un hito muy importante para una econom\u00eda tan bimonetaria como la nuestra\u201d, sostuvo.<\/p>\n\n\n\n<figure class=\"wp-block-image\"><img decoding=\"async\" src=\"https:\/\/tn.com.ar\/resizer\/v2\/el-bcra-ya-ha-comprado-us6900-millones-en-lo-que-va-del-ano-destaco-bausili-foto-reutersirina-dambrauskas-DOP6P5NRIJBS3JF6HQPPJWHZHM.jpg?auth=9979cb8c4cc5dd80470a3c6eb6bf202684b2dff653ba67ee9b98413e0890a9bc&amp;width=767\" alt=\"&quot;El BCRA ya ha comprado US$6900 millones en lo que va del a\u00f1o&quot;, destac\u00f3 Bausili. (Foto: REUTERS\/Irina Dambrauskas).\"\/><\/figure>\n\n\n\n<p>El presidente del BCRA tambi\u00e9n consider\u00f3 que el plan de estabilizaci\u00f3n funcion\u00f3 de acuerdo con lo previsto en los \u00faltimos dos meses. \u201cEmpezamos a ver&nbsp;<strong>recuperaci\u00f3n incipiente en el cr\u00e9dito y nivel de actividad<\/strong>\u201d, anticip\u00f3.<\/p>\n\n\n\n<p>En esa l\u00ednea, le rest\u00f3 importancia al incremento de la&nbsp;<strong>morosidad<\/strong>, que ya supera 10% en los pr\u00e9stamos personales y con tarjeta de cr\u00e9dito otorgados a las familias.<\/p>\n\n\n\n<p>\u201cEl cr\u00e9dito al sector privado era menos de 4% del PBI. Hoy sigue siendo bajo a nivel pa\u00eds, pero empieza a ser m\u00e1s relevante. Sin cr\u00e9dito, no hay mora.&nbsp;<strong>Apareci\u00f3 el cr\u00e9dito, y la mora<\/strong>. Deudores y acreedores tuvieron que&nbsp;<strong>volver a aprender a tomar y dar cr\u00e9dito<\/strong>\u201d, sostuvo.<\/p>\n\n\n\n<h2 class=\"wp-block-heading\">Los cuatro pilares de la estabilizaci\u00f3n, seg\u00fan el BCRA<\/h2>\n\n\n\n<p>En el inicio de su exposici\u00f3n, el Bausili consider\u00f3 que la incertidumbre que se vivi\u00f3 en el mercado el a\u00f1o pasado retras\u00f3 decisiones de inversi\u00f3n y de consumo, pero asegur\u00f3 que la&nbsp;<strong>estabilidad actual<\/strong>&nbsp;descansa sobre cuatro pilares.<\/p>\n\n\n\n<p>\u201cEl primero es c\u00edclico. La&nbsp;<strong>demanda de d\u00f3lares de los hogares cay\u00f3 abruptamente<\/strong>. Las coberturas cambiarias se est\u00e1n desarmando y las empresas vuelven a colocar deuda\u201d, indic\u00f3.<\/p>\n\n\n\n<figure class=\"wp-block-image\"><img decoding=\"async\" src=\"https:\/\/tn.com.ar\/resizer\/v2\/el-ministro-de-economia-luis-caputo-y-el-titular-del-bcra-santiago-bausili-foto-afpemiliano-lasalvia-AR6SCYNC4FH5NCEP4PYMQMI2AI.jpg?auth=e0b775448c700c0017edcf269fae1fa4558c9aa44ba383250bdba688de0849e5&amp;width=767\" alt=\"El ministro de Econom\u00eda, Luis Caputo, y el titular del BCRA, Santiago Bausili. (Foto: AFP\/Emiliano Lasalvia).\"\/><\/figure>\n\n\n\n<p>\u201cEl segundo es el programa de&nbsp;<strong>acumulaci\u00f3n de reservas<\/strong>. El BCRA ya ha comprado US$6900 millones en lo que va del a\u00f1o. Esto nos permite avanzar con la eliminaci\u00f3n de las restricciones cambiarias, pero mantenemos un sesgo prudencial buscando evitar los movimientos de corto plazo\u201d, continu\u00f3.<\/p>\n\n\n\n<p>El tercer pilar que mencion\u00f3 es el&nbsp;<strong>estructural<\/strong>. \u201cLas&nbsp;<strong>exportaciones<\/strong>&nbsp;medidas en cantidades alcanzaron un nuevo&nbsp;<strong>m\u00e1ximo<\/strong>&nbsp;hist\u00f3rico todos los meses\u201d, dijo.<\/p>\n\n\n\n<p>Y como \u00faltimo punto se\u00f1al\u00f3 la solidez\u00a0<strong>fiscal<\/strong>. \u201cLa<strong>\u00a0eliminaci\u00f3n del d\u00e9ficit<\/strong>\u00a0rompe la correlaci\u00f3n hist\u00f3rica entre desequilibrio fiscal y el\u00a0d\u00e9ficit de cuenta corriente; es en s\u00ed mismo un seguro sobre la balanza de pagos. Si hay un d\u00e9ficit de cuenta corriente, ser\u00e1 porque el sector privado puede financiarlo\u201d, apunt\u00f3.<\/p>\n","protected":false},"excerpt":{"rendered":"<p>Santiago Bausili habl\u00f3 ante empresarios y participantes del mercado financiero. Consider\u00f3 que el programa econ\u00f3mico funcion\u00f3 como se esperaba y anticip\u00f3 una leve recuperaci\u00f3n en el cr\u00e9dito y nivel de&hellip; <\/p>\n","protected":false},"author":8,"featured_media":254420,"comment_status":"closed","ping_status":"open","sticky":false,"template":"","format":"standard","meta":{"footnotes":""},"categories":[20],"tags":[],"class_list":["post-254419","post","type-post","status-publish","format-standard","has-post-thumbnail","hentry","category-economia"],"_links":{"self":[{"href":"https:\/\/corrientesdetarde.com\/index.php\/wp-json\/wp\/v2\/posts\/254419","targetHints":{"allow":["GET"]}}],"collection":[{"href":"https:\/\/corrientesdetarde.com\/index.php\/wp-json\/wp\/v2\/posts"}],"about":[{"href":"https:\/\/corrientesdetarde.com\/index.php\/wp-json\/wp\/v2\/types\/post"}],"author":[{"embeddable":true,"href":"https:\/\/corrientesdetarde.com\/index.php\/wp-json\/wp\/v2\/users\/8"}],"replies":[{"embeddable":true,"href":"https:\/\/corrientesdetarde.com\/index.php\/wp-json\/wp\/v2\/comments?post=254419"}],"version-history":[{"count":1,"href":"https:\/\/corrientesdetarde.com\/index.php\/wp-json\/wp\/v2\/posts\/254419\/revisions"}],"predecessor-version":[{"id":254421,"href":"https:\/\/corrientesdetarde.com\/index.php\/wp-json\/wp\/v2\/posts\/254419\/revisions\/254421"}],"wp:featuredmedia":[{"embeddable":true,"href":"https:\/\/corrientesdetarde.com\/index.php\/wp-json\/wp\/v2\/media\/254420"}],"wp:attachment":[{"href":"https:\/\/corrientesdetarde.com\/index.php\/wp-json\/wp\/v2\/media?parent=254419"}],"wp:term":[{"taxonomy":"category","embeddable":true,"href":"https:\/\/corrientesdetarde.com\/index.php\/wp-json\/wp\/v2\/categories?post=254419"},{"taxonomy":"post_tag","embeddable":true,"href":"https:\/\/corrientesdetarde.com\/index.php\/wp-json\/wp\/v2\/tags?post=254419"}],"curies":[{"name":"wp","href":"https:\/\/api.w.org\/{rel}","templated":true}]}}