{"id":254422,"date":"2026-04-29T10:42:25","date_gmt":"2026-04-29T13:42:25","guid":{"rendered":"https:\/\/corrientesdetarde.com\/?p=254422"},"modified":"2026-04-29T10:42:32","modified_gmt":"2026-04-29T13:42:32","slug":"la-reaccion-de-thiago-medina-a-los-rumores-de-romance-de-daniela-celis-y-nick-sicaro-no-me-sumo-al-teatro","status":"publish","type":"post","link":"https:\/\/corrientesdetarde.com\/index.php\/espectaculos\/la-reaccion-de-thiago-medina-a-los-rumores-de-romance-de-daniela-celis-y-nick-sicaro-no-me-sumo-al-teatro\/","title":{"rendered":"La reacci\u00f3n de Thiago Medina a los rumores de romance de Daniela Celis y Nick Sicaro: \u201cNo me sumo al teatro\u201d"},"content":{"rendered":"\n<p>Al ser consultado por sus seguidores, el ex \u201cGran Hermano\u201d lanz\u00f3 una opini\u00f3n contundente y sin filtros.<\/p>\n\n\n\n<p><strong>Thiago Medina<\/strong>\u00a0sorprendi\u00f3 con su reacci\u00f3n a los rumores de romance de\u00a0<strong>Daniela Celis<\/strong>\u00a0y\u00a0<strong>Nick Sicaro<\/strong>.<\/p>\n\n\n\n<p>Luego de que la influencer compartiera una selfie con su compa\u00f1ero de trabajo y alimentara los rumores de un affaire, Medina habilit\u00f3 una caja de preguntas para que sus m\u00e1s de un mill\u00f3n y medio de seguidores le consultaran lo que quisieran.<\/p>\n\n\n\n<p>Como era de esperarse, todos quisieron conocer su opini\u00f3n sobre el presente sentimental de su ex. Lejos de esquivar el tema, el exparticipante de&nbsp;<em>Gran Hermano<\/em>&nbsp;fue tajante.<\/p>\n\n\n\n<figure class=\"wp-block-image\"><img decoding=\"async\" src=\"https:\/\/tn.com.ar\/resizer\/v2\/thiago-medina-hablo-de-los-rumores-de-romance-de-daniela-celis-y-nick-sicaro-teatro-foto-instagram-thi4gokm-NLN2ULQFENCSDGFDTTM465KAG4.PNG?auth=be94c8584713ad0609f8c232735207e6f36ba1d33a6115bf9b2619ec50e9df4a&amp;width=767\" alt=\"Thiago Medina habl\u00f3 de los rumores de romance de Daniela Celis y Nick Sicaro: \u201cTeatro\u201d (Foto: Instagram \/thi4go_km)\"\/><\/figure>\n\n\n\n<p><strong>\u201cYo no tengo que estar dando explicaciones de nada. Ya somos todos grandes y cada uno sabe lo que hace\u201d<\/strong>, sentenci\u00f3. Acto seguido, lanz\u00f3:&nbsp;<strong>\u201cCada uno con lo suyo. Yo no estoy para sumarme a este teatro\u201d.<\/strong><\/p>\n\n\n\n<p>A modo de cierre, les pidi\u00f3 a los usuarios:&nbsp;<strong>\u201cD\u00e9jenme hacer tranquilo la m\u00eda, yo no molesto a nadie\u201d.<\/strong><\/p>\n\n\n\n<p>Por su parte, d\u00edas atr\u00e1s, Thiago aclar\u00f3 que no tiene intenciones de volver a estar en pareja en el corto plazo.&nbsp;<strong>\u201dS\u00ed, como todos saben, estoy solo y tranquilo, enfoc\u00e1ndome en m\u00ed y en las cosas que me gustan.&nbsp;<\/strong>En breve sale algo nuevo para todos los que me preguntan\u201d, expuso en su cuenta de Instagram.<\/p>\n\n\n\n<h2 class=\"wp-block-heading\">Cu\u00e1l fue el posteo de Daniela Celis que aliment\u00f3 los rumores de romance con Nick Sicaro<\/h2>\n\n\n\n<p>En las \u00faltimas horas, Daniela Celis subi\u00f3 a sus historias de Instagram una selfie<strong>&nbsp;junto a Nick frente a un espejo<\/strong>. Sin necesidad de escribir una frase extensa, solo lo mencion\u00f3 en la historia y sum\u00f3 un coraz\u00f3n marr\u00f3n.<\/p>\n\n\n\n<p>Pero el detalle que m\u00e1s comentarios despert\u00f3 fue la elecci\u00f3n musical que acompa\u00f1\u00f3 la imagen. Daniela seleccion\u00f3 la canci\u00f3n \u201cNo tiene sentido\u201d, del cantante colombiano Be\u00e9le<strong>, cuya letra fue interpretada por sus seguidores como un mensaje cargado de intenci\u00f3n sobre lo que estar\u00eda viviendo actualmente.<\/strong><\/p>\n\n\n\n<figure class=\"wp-block-image\"><img decoding=\"async\" src=\"https:\/\/tn.com.ar\/resizer\/v2\/daniela-celis-volvio-a-mostrar-cercania-con-nick-sicaro-y-las-redes-volvieron-a-especular-sobre-su-vinculo-foto-instagram-danielacelis01-LUFDAKJ4XJCMPKUZLWODTETFAI.png?auth=c6570be1c04393c674dd543ce3f0cc1a5cdc064b4b2dfbddb183ab44a364a972&amp;width=767\" alt=\"Daniela Celis volvi\u00f3 a mostrar cercan\u00eda con Nick Sicaro y las redes volvieron a especular sobre su v\u00ednculo. (Foto: Instagram \/ danielacelis01)\"\/><\/figure>\n\n\n\n<p>Versos como<strong>&nbsp;\u201cNo tiene sentido que con esto que sentimos t\u00fa est\u00e9s por otro camino\u201d<\/strong>&nbsp;y&nbsp;<strong>\u201cEso no tiene sentido, baby, si ya coincidimo\u2019 y un par de cosas vivimo\u2019, no es normal\u201d<\/strong>&nbsp;hicieron crecer a\u00fan m\u00e1s las sospechas sobre una posible relaci\u00f3n que todav\u00eda no fue blanqueada p\u00fablicamente.<\/p>\n","protected":false},"excerpt":{"rendered":"<p>Al ser consultado por sus seguidores, el ex \u201cGran Hermano\u201d lanz\u00f3 una opini\u00f3n contundente y sin filtros. Thiago Medina\u00a0sorprendi\u00f3 con su reacci\u00f3n a los rumores de romance de\u00a0Daniela Celis\u00a0y\u00a0Nick Sicaro.&hellip; <\/p>\n","protected":false},"author":8,"featured_media":254423,"comment_status":"closed","ping_status":"open","sticky":false,"template":"","format":"standard","meta":{"footnotes":""},"categories":[19],"tags":[],"class_list":["post-254422","post","type-post","status-publish","format-standard","has-post-thumbnail","hentry","category-espectaculos"],"_links":{"self":[{"href":"https:\/\/corrientesdetarde.com\/index.php\/wp-json\/wp\/v2\/posts\/254422","targetHints":{"allow":["GET"]}}],"collection":[{"href":"https:\/\/corrientesdetarde.com\/index.php\/wp-json\/wp\/v2\/posts"}],"about":[{"href":"https:\/\/corrientesdetarde.com\/index.php\/wp-json\/wp\/v2\/types\/post"}],"author":[{"embeddable":true,"href":"https:\/\/corrientesdetarde.com\/index.php\/wp-json\/wp\/v2\/users\/8"}],"replies":[{"embeddable":true,"href":"https:\/\/corrientesdetarde.com\/index.php\/wp-json\/wp\/v2\/comments?post=254422"}],"version-history":[{"count":1,"href":"https:\/\/corrientesdetarde.com\/index.php\/wp-json\/wp\/v2\/posts\/254422\/revisions"}],"predecessor-version":[{"id":254424,"href":"https:\/\/corrientesdetarde.com\/index.php\/wp-json\/wp\/v2\/posts\/254422\/revisions\/254424"}],"wp:featuredmedia":[{"embeddable":true,"href":"https:\/\/corrientesdetarde.com\/index.php\/wp-json\/wp\/v2\/media\/254423"}],"wp:attachment":[{"href":"https:\/\/corrientesdetarde.com\/index.php\/wp-json\/wp\/v2\/media?parent=254422"}],"wp:term":[{"taxonomy":"category","embeddable":true,"href":"https:\/\/corrientesdetarde.com\/index.php\/wp-json\/wp\/v2\/categories?post=254422"},{"taxonomy":"post_tag","embeddable":true,"href":"https:\/\/corrientesdetarde.com\/index.php\/wp-json\/wp\/v2\/tags?post=254422"}],"curies":[{"name":"wp","href":"https:\/\/api.w.org\/{rel}","templated":true}]}}