{"id":254425,"date":"2026-04-29T10:50:08","date_gmt":"2026-04-29T13:50:08","guid":{"rendered":"https:\/\/corrientesdetarde.com\/?p=254425"},"modified":"2026-04-29T10:50:27","modified_gmt":"2026-04-29T13:50:27","slug":"hoy-sera-la-apertura-oficial-de-la-fiesta-nacional-del-surubi","status":"publish","type":"post","link":"https:\/\/corrientesdetarde.com\/index.php\/eventossociedad\/hoy-sera-la-apertura-oficial-de-la-fiesta-nacional-del-surubi\/","title":{"rendered":"Hoy ser\u00e1 la apertura oficial de la Fiesta Nacional del Surub\u00ed"},"content":{"rendered":"\n<p>El Mundial de Pesca ser\u00e1 inaugurado a las 20. Luego de la ceremonia se dar\u00e1 paso a los espect\u00e1culos en el escenario Juan Melero. El cierre de la jornada estar\u00e1 a cargo de La Mosca.<a href=\"https:\/\/api.whatsapp.com\/send?text=La%20Fiesta%20Nacional%20del%20Surub%C3%AD%20tendr%C3%A1%20hoy%20su%20apertura%20oficial%20con%20m%C3%BAsica%20y%20baile%20-%20https:\/\/www.republicadecorrientes.com\/71779-la-fiesta-nacional-del-surubi-tendra-hoy-su-apertura-oficial-con-musica-y-baile?utm_source=WhatsApp%26utm_medium=WhatsApp%26utm_campaign=WhatsApp%26utm_term=WhatsApp\" target=\"_blank\" rel=\"noreferrer noopener\"><\/a><a href=\"https:\/\/www.republicadecorrientes.com\/71779-la-fiesta-nacional-del-surubi-tendra-hoy-su-apertura-oficial-con-musica-y-baile#\"><\/a><a href=\"https:\/\/www.republicadecorrientes.com\/71779-la-fiesta-nacional-del-surubi-tendra-hoy-su-apertura-oficial-con-musica-y-baile#\"><\/a><\/p>\n\n\n\n<p>Con el tradicional corte de cintas y la inauguraci\u00f3n oficial de las flamantes obras de la costanera local, comienza hoy oficialmente la 49.\u00aa edici\u00f3n de la Fiesta Nacional del Surub\u00ed. El denominado Mundial de Pesca bati\u00f3 este a\u00f1o todas las marcas hist\u00f3ricas con la inscripci\u00f3n confirmada de 1.400 embarcaciones para el concurso, que se iniciar\u00e1 el pr\u00f3ximo s\u00e1bado, consolidando a la ciudad como el epicentro del turismo regional durante toda esta semana.<\/p>\n\n\n\n<p>El acto de apertura, previsto para las 20 en el predio Costa Surub\u00ed, contar\u00e1 con la presencia de autoridades locales y provinciales, quienes dar\u00e1n el puntapi\u00e9 inicial a la mayor celebraci\u00f3n de la provincia. Tras el protocolo formal, la noche inaugural se vestir\u00e1 de gala con el espect\u00e1culo principal de la banda La Mosca, encargada de encender el escenario mayor Juan Melero ante una multitud que, se espera, colmar\u00e1 el predio ferial en el inicio de la Expo Goya.<\/p>\n\n\n\n<p>La gran novedad es la puesta en valor de la defensa y la costanera de la ciudad. La obra permitir\u00e1 que m\u00e1s de 25.000 personas puedan disfrutar c\u00f3modamente sentadas de la emblem\u00e1tica largada de lanchas. Este nuevo paseo de defensas no solo jerarquiza el frente costero, sino que garantiza una visual privilegiada para el momento m\u00e1s emocionante del evento, cuando el parque n\u00e1utico parta hacia los 100 kil\u00f3metros de cancha de pesca.<\/p>\n\n\n\n<p>En lo estrictamente deportivo, el fiscal general del concurso, Jos\u00e9 Lorenz\u00f3n, confirm\u00f3 que el cupo total de 1.400 lanchas est\u00e1 completo, marcando un hito de participaci\u00f3n sin precedentes. Los pescadores, provenientes de distintos puntos de Argentina y pa\u00edses lim\u00edtrofes, competir\u00e1n bajo la modalidad de pesca con devoluci\u00f3n, resguardando la fauna \u00edctica del r\u00edo Paran\u00e1. El cauce presenta actualmente una altura de 2,72 metros, nivel considerado ideal por los especialistas para el pique del surub\u00ed.<\/p>\n\n\n\n<p>Para garantizar el normal desarrollo del concurso, se ha dispuesto un equipo de 160 personas en el agua. Este grupo incluye fiscales, mec\u00e1nicos, radiooperadores y, como novedad para esta edici\u00f3n, una ambulancia para asistir cualquier eventualidad m\u00e9dica en los 100 kil\u00f3metros de cancha de pesca.<\/p>\n\n\n\n<p>El cronograma para ma\u00f1ana prev\u00e9 la realizaci\u00f3n de la tradicional Pe\u00f1a de Pescadores, un espacio que reunir\u00e1 a m\u00e1s de 50 barras pesqueras con shows de artistas chamameceros como Los Alonsitos y Ambo\u00e9.&nbsp;<\/p>\n\n\n\n<p>El viernes ser\u00e1 el turno de la elecci\u00f3n y coronaci\u00f3n de la Reina Nacional del Surub\u00ed, con el cierre musical a cargo de La Joaqui.&nbsp;<\/p>\n\n\n\n<p>Para el s\u00e1bado, el operativo de seguridad ya est\u00e1 coordinado con la Prefectura Naval. La largada se realizar\u00e1 en tres etapas: a las 13.45 saldr\u00e1n los yates, a las 14, las lanchas de menor potencia y, a las 15, la largada general.&nbsp;<\/p>\n\n\n\n<p>Pese a los pron\u00f3sticos de viento sur, las autoridades mantienen las expectativas en lo m\u00e1s alto, con una ocupaci\u00f3n hotelera que ya alcanz\u00f3 el 100 %.&nbsp;<\/p>\n","protected":false},"excerpt":{"rendered":"<p>El Mundial de Pesca ser\u00e1 inaugurado a las 20. Luego de la ceremonia se dar\u00e1 paso a los espect\u00e1culos en el escenario Juan Melero. El cierre de la jornada estar\u00e1&hellip; <\/p>\n","protected":false},"author":8,"featured_media":254426,"comment_status":"closed","ping_status":"open","sticky":false,"template":"","format":"standard","meta":{"footnotes":""},"categories":[1208],"tags":[],"class_list":["post-254425","post","type-post","status-publish","format-standard","has-post-thumbnail","hentry","category-eventossociedad"],"_links":{"self":[{"href":"https:\/\/corrientesdetarde.com\/index.php\/wp-json\/wp\/v2\/posts\/254425","targetHints":{"allow":["GET"]}}],"collection":[{"href":"https:\/\/corrientesdetarde.com\/index.php\/wp-json\/wp\/v2\/posts"}],"about":[{"href":"https:\/\/corrientesdetarde.com\/index.php\/wp-json\/wp\/v2\/types\/post"}],"author":[{"embeddable":true,"href":"https:\/\/corrientesdetarde.com\/index.php\/wp-json\/wp\/v2\/users\/8"}],"replies":[{"embeddable":true,"href":"https:\/\/corrientesdetarde.com\/index.php\/wp-json\/wp\/v2\/comments?post=254425"}],"version-history":[{"count":1,"href":"https:\/\/corrientesdetarde.com\/index.php\/wp-json\/wp\/v2\/posts\/254425\/revisions"}],"predecessor-version":[{"id":254427,"href":"https:\/\/corrientesdetarde.com\/index.php\/wp-json\/wp\/v2\/posts\/254425\/revisions\/254427"}],"wp:featuredmedia":[{"embeddable":true,"href":"https:\/\/corrientesdetarde.com\/index.php\/wp-json\/wp\/v2\/media\/254426"}],"wp:attachment":[{"href":"https:\/\/corrientesdetarde.com\/index.php\/wp-json\/wp\/v2\/media?parent=254425"}],"wp:term":[{"taxonomy":"category","embeddable":true,"href":"https:\/\/corrientesdetarde.com\/index.php\/wp-json\/wp\/v2\/categories?post=254425"},{"taxonomy":"post_tag","embeddable":true,"href":"https:\/\/corrientesdetarde.com\/index.php\/wp-json\/wp\/v2\/tags?post=254425"}],"curies":[{"name":"wp","href":"https:\/\/api.w.org\/{rel}","templated":true}]}}