{"id":254428,"date":"2026-04-29T11:09:37","date_gmt":"2026-04-29T14:09:37","guid":{"rendered":"https:\/\/corrientesdetarde.com\/?p=254428"},"modified":"2026-04-29T11:09:49","modified_gmt":"2026-04-29T14:09:49","slug":"la-justicia-de-corrientes-sanciono-a-un-sujeto-que-veraneaba-en-punta-del-este-pese-a-deber-alimentos","status":"publish","type":"post","link":"https:\/\/corrientesdetarde.com\/index.php\/crimen-y-justicia\/la-justicia-de-corrientes-sanciono-a-un-sujeto-que-veraneaba-en-punta-del-este-pese-a-deber-alimentos\/","title":{"rendered":"La Justicia de Corrientes sancion\u00f3 a un sujeto que veraneaba en Punta del Este pese a deber alimentos"},"content":{"rendered":"\n<p>El Juzgado de Familia, Ni\u00f1ez y Adolescencia N\u00ba 4 de Corrientes dispuso una serie de medidas para garantizar el cumplimiento de la cuota alimentaria a favor de una ni\u00f1a, luego de verificar que su padre incumpli\u00f3 de manera reiterada con la obligaci\u00f3n.<\/p>\n\n\n\n<p>Adem\u00e1s se aplicaron medidas restrictivas como la suspensi\u00f3n de licencia tras comprobar incumplimientos reiterados y se habilit\u00f3 el reclamo a los abuelos para garantizar la asistencia de la ni\u00f1a.<\/p>\n\n\n\n<p>La resoluci\u00f3n, dictada el 10 de abril de 2026, se\u00f1ala que en octubre de 2024 se hab\u00eda homologado un acuerdo que fij\u00f3 una cuota del 40% de los ingresos del progenitor, incluyendo salario familiar, obra social y aguinaldo. Sin embargo, el padre demandado dej\u00f3 de cumplir con el pago durante varios meses, pese a haber sido intimado en distintas oportunidades.<\/p>\n\n\n\n<p>Como parte de la resoluci\u00f3n, el Juzgado habilit\u00f3 la v\u00eda subsidiaria y dispuso la participaci\u00f3n de los abuelos paternos en el cumplimiento de la obligaci\u00f3n alimentaria.<\/p>\n","protected":false},"excerpt":{"rendered":"<p>El Juzgado de Familia, Ni\u00f1ez y Adolescencia N\u00ba 4 de Corrientes dispuso una serie de medidas para garantizar el cumplimiento de la cuota alimentaria a favor de una ni\u00f1a, luego&hellip; <\/p>\n","protected":false},"author":8,"featured_media":254429,"comment_status":"closed","ping_status":"open","sticky":false,"template":"","format":"standard","meta":{"footnotes":""},"categories":[5],"tags":[],"class_list":["post-254428","post","type-post","status-publish","format-standard","has-post-thumbnail","hentry","category-crimen-y-justicia"],"_links":{"self":[{"href":"https:\/\/corrientesdetarde.com\/index.php\/wp-json\/wp\/v2\/posts\/254428","targetHints":{"allow":["GET"]}}],"collection":[{"href":"https:\/\/corrientesdetarde.com\/index.php\/wp-json\/wp\/v2\/posts"}],"about":[{"href":"https:\/\/corrientesdetarde.com\/index.php\/wp-json\/wp\/v2\/types\/post"}],"author":[{"embeddable":true,"href":"https:\/\/corrientesdetarde.com\/index.php\/wp-json\/wp\/v2\/users\/8"}],"replies":[{"embeddable":true,"href":"https:\/\/corrientesdetarde.com\/index.php\/wp-json\/wp\/v2\/comments?post=254428"}],"version-history":[{"count":1,"href":"https:\/\/corrientesdetarde.com\/index.php\/wp-json\/wp\/v2\/posts\/254428\/revisions"}],"predecessor-version":[{"id":254430,"href":"https:\/\/corrientesdetarde.com\/index.php\/wp-json\/wp\/v2\/posts\/254428\/revisions\/254430"}],"wp:featuredmedia":[{"embeddable":true,"href":"https:\/\/corrientesdetarde.com\/index.php\/wp-json\/wp\/v2\/media\/254429"}],"wp:attachment":[{"href":"https:\/\/corrientesdetarde.com\/index.php\/wp-json\/wp\/v2\/media?parent=254428"}],"wp:term":[{"taxonomy":"category","embeddable":true,"href":"https:\/\/corrientesdetarde.com\/index.php\/wp-json\/wp\/v2\/categories?post=254428"},{"taxonomy":"post_tag","embeddable":true,"href":"https:\/\/corrientesdetarde.com\/index.php\/wp-json\/wp\/v2\/tags?post=254428"}],"curies":[{"name":"wp","href":"https:\/\/api.w.org\/{rel}","templated":true}]}}