{"id":25443,"date":"2022-12-05T23:39:05","date_gmt":"2022-12-06T02:39:05","guid":{"rendered":"https:\/\/corrientesdetarde.com\/?p=25443"},"modified":"2022-12-05T23:39:09","modified_gmt":"2022-12-06T02:39:09","slug":"paso-de-la-patria-la-policia-logro-recuperar-varios-elementos-denunciados-como-sustraidos","status":"publish","type":"post","link":"https:\/\/corrientesdetarde.com\/index.php\/informacion-general\/paso-de-la-patria-la-policia-logro-recuperar-varios-elementos-denunciados-como-sustraidos\/","title":{"rendered":"Paso de la Patria: La polic\u00eda logr\u00f3 recuperar varios elementos denunciados como sustra\u00eddos"},"content":{"rendered":"\n<p>Efectivos Policiales de la Comisaria de Distrito Paso de la Patria, en colaboraci\u00f3n con la unidad fiscal, dieron inicio a actuaciones investigativas referente a un hecho delictivo, ocurrido en una vivienda ubicada por calle Pati de esa localidad, donde personas desconocidas habr\u00edan sustra\u00eddos varios elementos, los cuales fueron recuperados. Un hombre se halla aprehendido.<br>El procedimiento lo llevaron a cabo en la jornada de hoy, luego de diversas diligencias investigativas las cuales permitieron localizar y secuestrar bajo las formalidades legales, un ventilador, una heladera, un lavarropa, silletas, herramientas varias entre otras cosas. Un hombre mayor de edad se halla aprehendido.<br>El aprehendido y los elementos secuestrados, fueron puestos a disposici\u00f3n de la Unidad fiscal en turno, mientras que en la citada Comisaria de distrito se prosiguen con los tr\u00e1mites del caso.<\/p>\n\n\n\n<figure class=\"wp-block-image size-large is-resized\"><img loading=\"lazy\" decoding=\"async\" src=\"https:\/\/corrientesdetarde.com\/wp-content\/uploads\/2022\/12\/F2-PASO-PATRIA-APREHENDIDO-5-12-22-576x1024.jpg\" alt=\"\" class=\"wp-image-25444\" width=\"355\" height=\"631\" srcset=\"https:\/\/corrientesdetarde.com\/wp-content\/uploads\/2022\/12\/F2-PASO-PATRIA-APREHENDIDO-5-12-22-576x1024.jpg 576w, https:\/\/corrientesdetarde.com\/wp-content\/uploads\/2022\/12\/F2-PASO-PATRIA-APREHENDIDO-5-12-22-169x300.jpg 169w, https:\/\/corrientesdetarde.com\/wp-content\/uploads\/2022\/12\/F2-PASO-PATRIA-APREHENDIDO-5-12-22.jpg 720w\" sizes=\"auto, (max-width: 355px) 100vw, 355px\" \/><\/figure>\n\n\n\n<p><\/p>\n","protected":false},"excerpt":{"rendered":"<p>Efectivos Policiales de la Comisaria de Distrito Paso de la Patria, en colaboraci\u00f3n con la unidad fiscal, dieron inicio a actuaciones investigativas referente a un hecho delictivo, ocurrido en una&hellip; <\/p>\n","protected":false},"author":1,"featured_media":25445,"comment_status":"closed","ping_status":"open","sticky":false,"template":"","format":"standard","meta":{"footnotes":""},"categories":[1],"tags":[],"class_list":["post-25443","post","type-post","status-publish","format-standard","has-post-thumbnail","hentry","category-informacion-general"],"_links":{"self":[{"href":"https:\/\/corrientesdetarde.com\/index.php\/wp-json\/wp\/v2\/posts\/25443","targetHints":{"allow":["GET"]}}],"collection":[{"href":"https:\/\/corrientesdetarde.com\/index.php\/wp-json\/wp\/v2\/posts"}],"about":[{"href":"https:\/\/corrientesdetarde.com\/index.php\/wp-json\/wp\/v2\/types\/post"}],"author":[{"embeddable":true,"href":"https:\/\/corrientesdetarde.com\/index.php\/wp-json\/wp\/v2\/users\/1"}],"replies":[{"embeddable":true,"href":"https:\/\/corrientesdetarde.com\/index.php\/wp-json\/wp\/v2\/comments?post=25443"}],"version-history":[{"count":1,"href":"https:\/\/corrientesdetarde.com\/index.php\/wp-json\/wp\/v2\/posts\/25443\/revisions"}],"predecessor-version":[{"id":25446,"href":"https:\/\/corrientesdetarde.com\/index.php\/wp-json\/wp\/v2\/posts\/25443\/revisions\/25446"}],"wp:featuredmedia":[{"embeddable":true,"href":"https:\/\/corrientesdetarde.com\/index.php\/wp-json\/wp\/v2\/media\/25445"}],"wp:attachment":[{"href":"https:\/\/corrientesdetarde.com\/index.php\/wp-json\/wp\/v2\/media?parent=25443"}],"wp:term":[{"taxonomy":"category","embeddable":true,"href":"https:\/\/corrientesdetarde.com\/index.php\/wp-json\/wp\/v2\/categories?post=25443"},{"taxonomy":"post_tag","embeddable":true,"href":"https:\/\/corrientesdetarde.com\/index.php\/wp-json\/wp\/v2\/tags?post=25443"}],"curies":[{"name":"wp","href":"https:\/\/api.w.org\/{rel}","templated":true}]}}