{"id":254431,"date":"2026-04-29T12:02:43","date_gmt":"2026-04-29T15:02:43","guid":{"rendered":"https:\/\/corrientesdetarde.com\/?p=254431"},"modified":"2026-04-29T12:02:50","modified_gmt":"2026-04-29T15:02:50","slug":"comenzo-feria-del-libro-de-buenos-aires-renovada-pero-la-misma-de-siempre-para-celebrar-su-50-aniversario","status":"publish","type":"post","link":"https:\/\/corrientesdetarde.com\/index.php\/cultura\/comenzo-feria-del-libro-de-buenos-aires-renovada-pero-la-misma-de-siempre-para-celebrar-su-50-aniversario\/","title":{"rendered":"COMENZ\u00d3 FERIA DEL LIBRO DE BUENOS AIRES: RENOVADA, PERO LA MISMA DE SIEMPRE PARA CELEBRAR SU 50\u00b0 ANIVERSARIO"},"content":{"rendered":"\n<p>(Bel\u00e9n Papa Orfano) &#8211; Ya est\u00e1 en marcha una nueva edici\u00f3n de la Feria del Libro de Buenos Aires, el gran evento, muy esperado, que celebra a los libros, a los escritores, a las editoriales, a la industria editorial, pero sobre todas las cosas, a los lectores. Este a\u00f1o cumple 50 a\u00f1os y, a todo aquello que los visitantes esperan y por lo que vuelven a\u00f1o tras a\u00f1o, se suman shows musicales, cine, arte y un reconocimiento especial a Jorge Luis Borges, que en breve se cumplir\u00e1n 40 a\u00f1os de su partida.<\/p>\n\n\n\n<p>Como siempre, la Feria del Libro se desarrolla en el predio de La Rural, en el barrio de Palermo, del 23 de abril al 11 de mayo. Interior y exterior se mezclan con propuestas gastron\u00f3micas y culturales que en esta oportunidad, para celebrar el medio siglo, se le sum\u00f3 una carpa en la pista central donde habr\u00e1 recitales y por donde ya pas\u00f3, el pasado 23 de abril en la previa de la inauguraci\u00f3n, Fito P\u00e1ez.<\/p>\n\n\n\n<p>En esta oportunidad Per\u00fa fue el pa\u00eds invitado. Cuenta con un espacio de 500 metros cuadrados en el que se incluye librer\u00eda, zona infantil, un auditorio, zona de negocios y una muestra literaria.<\/p>\n\n\n\n<p>En tanto, el cine no se qued\u00f3 afuera de la celebraci\u00f3n. El furor de 2025, la adaptaci\u00f3n de El Eternauta (H\u00e9ctor Oesterheld) est\u00e1 presente en dos propuestas. Por un lado, Netflix, la plataforma que la llev\u00f3 a la pantalla es la anfitriona de un conjunto de livings con est\u00e9tica Eternauta donde los visitantes pueden descansar y recargar energ\u00edas para seguir recorriendo todos los pabellones de la feria. En tanto, la editorial Planeta, que edita el comic, llev\u00f3 a La Rural una r\u00e9plica de la camioneta en la que se trasladan los personajes a lo largo de la historia para que los visitantes se tomen fotograf\u00edas junto al veh\u00edculo.<\/p>\n\n\n\n<p><strong>Las visitas internacionales<\/strong><\/p>\n\n\n\n<p>Como siempre, la Feria del Libro de Buenos Aires atrae a escritores de renombre internacional. Se presentar\u00e1n dos Premio Nobel de Literatura en esta edici\u00f3n: Mo Yan, (Seud\u00f3nimo de Guan Moye) quien fue galardonado en 2012 y es conocido como \u201cEl Kafka chino\u201d, cultor del \u201crealismo&nbsp; alucinatorio\u201d; y J. M. Coetzee, escritor sudafricano ganador del 2003, quien visitar\u00e1 por tercera vez la feria y ha escrito m\u00e1s de 18 novelas, dos libros de cuentos y once ensayos.<\/p>\n\n\n\n<p>Pasar\u00e1n tambi\u00e9n por la Rural el cubano Leonardo Padura, autor de El hombre que amaba a los perros; el italiano Andrea Bajani, recientemente ganador del Premio&nbsp; Strega 2025 por su novela El aniversario; Kiran Desai, una de las escritoras indias m\u00e1s destacadas de la narrativa contempor\u00e1nea en lengua inglesa y conocida por ser la mujer m\u00e1s joven en ganar el Premio Booker en 2006; la colombiana Pilar Quintana, una de las voces m\u00e1s potentes de la literatura latinoamericana contempor\u00e1nea y ganadora del Premio Alfaguara de Novela (2021) por su obra Los abismos. entre otros.<\/p>\n\n\n\n<p><strong>A 40 a\u00f1os de la muerte de Jorge Luis Borges y los libros como exposici\u00f3n<\/strong><\/p>\n\n\n\n<p>El pr\u00f3ximo 14 de junio se cumplir\u00e1n 40 a\u00f1os de la muerte de Jorge Luis Borges. Con ese motivo, se montaron espacios especialmente dedicados a la figura del escritor. El visitante que ingrese por el Pabell\u00f3n Ocre se encontrar\u00e1 con un laberinto interactivo que invita a los lectores a perderse entre sus pasillos mientras la voz de Borges narra su concepci\u00f3n de lo que los laberintos significan. Los homenajes al autor de Ficciones se completan con un espacio inmersivo y una exposici\u00f3n Borges Nacional y Universal.&nbsp;<\/p>\n\n\n\n<p>En tanto, en 2026 nace <strong>Pabell\u00f3n 8<\/strong>, un nuevo espacio dedicado a explorar el mundo de la literatura desde experiencias expositivas. Arte, historia, literatura, historietistas e ilustradores, se mezclan con charlas de tecnolog\u00eda y las nuevas profesiones que hoy est\u00e1n desarroll\u00e1ndose en la industria gr\u00e1fica y talleres con artistas dibujando en vivo.<\/p>\n\n\n\n<p>En esta nueva propuesta se podr\u00e1 inspeccionar una Bit\u00e1cora de Leyendas, el emblem\u00e1tico Libro de Visitantes Ilustres de la Feria; conocer las muestras Censura Planificada &#8211; una exhibici\u00f3n que reivindica a aquellos libros prohibidos durante los a\u00f1os de la dictadura, en coincidencia con el aniversario de los 50 a\u00f1os del golpe militar en el pa\u00eds-, y Fontanarrosa, del autor al lector.<\/p>\n\n\n\n<p>Tambi\u00e9n, el visitante encontrar\u00e1 la exhibici\u00f3n El nuevo traje de Pinocho que la Feria del Libro de Bologna env\u00eda a la de Buenos Aires en homenaje al bicentenario de Carlo Collodi, y la muestra fotogr\u00e1fica El Nobel Cotidiano, que recorre en im\u00e1genes a los \u00faltimos treinta Premios Nobel de LIteratura retratados por Kim Manresa y entrevistados por Xavi Ay\u00e9n.<\/p>\n\n\n\n<p>En el mismo camino, tendr\u00e1 la posibilidad de disfrutar de 50 Ferias Dibujadas: la Feria del Libro en vi\u00f1etas, un mural colectivo de ilustradores ser\u00e1 realizado durante toda la feria. Y con la curadur\u00eda especial del Malba, una obra especialmente realizada para este aniversario de la Feria por el artista Jorge Macchi.<\/p>\n\n\n\n<p><strong>Palpitando el Mundial<\/strong><\/p>\n\n\n\n<p>Y a menos de dos meses de que comience el Mundial de F\u00fatbol, la Feria no pod\u00eda quedarse afuera del gran evento deportivo del a\u00f1o. La se\u00f1al deportiva DSPORTS \u2013la \u00fanica que transmitir\u00e1 los 104 partidos del Mundial\u2013 se propone conjugar la pasi\u00f3n por el f\u00fatbol con la cultura, el entretenimiento para toda la familia y momentos de conexi\u00f3n con la literatura y el arte, a trav\u00e9s de los libros de la Fundaci\u00f3n Norma y Leo Werthein.<\/p>\n\n\n\n<p>Otro de los grandes momentos ser\u00e1 el de la presentaci\u00f3n del libro de la Copa Argentina, que, como un documento literario y fotogr\u00e1fico, estar\u00e1 al alcance de miles de personas en el lugar. En sus m\u00e1s de 180 metros cuadrados, el espacio invita a palpitar el clima mundialista a trav\u00e9s de pantallas, activaciones y contenidos exclusivos que anticipan la Copa Mundial de la FIFA 2026. Los visitantes podr\u00e1n disfrutar all\u00ed de una muestra de las hist\u00f3ricas de la revista El Gr\u00e1fico<\/p>\n\n\n\n<p><strong>Valor de la entrada y beneficios<\/strong><\/p>\n\n\n\n<p>Lunes a jueves: $8.000. Viernes, s\u00e1bados, domingos y feriados: $12.000<\/p>\n\n\n\n<p>Al adquirir la entrada los visitantes recibir\u00e1n un chequelibro de $12.000 que se podr\u00e1 utilizar en librer\u00edas adheridas una vez finalizada la feria; y Cupones por el valor de la entrada que se podr\u00e1n usar en los stands.<\/p>\n","protected":false},"excerpt":{"rendered":"<p>(Bel\u00e9n Papa Orfano) &#8211; Ya est\u00e1 en marcha una nueva edici\u00f3n de la Feria del Libro de Buenos Aires, el gran evento, muy esperado, que celebra a los libros, a&hellip; <\/p>\n","protected":false},"author":11,"featured_media":254432,"comment_status":"closed","ping_status":"open","sticky":false,"template":"","format":"standard","meta":{"footnotes":""},"categories":[15,26],"tags":[],"class_list":["post-254431","post","type-post","status-publish","format-standard","has-post-thumbnail","hentry","category-cultura","category-destacados"],"_links":{"self":[{"href":"https:\/\/corrientesdetarde.com\/index.php\/wp-json\/wp\/v2\/posts\/254431","targetHints":{"allow":["GET"]}}],"collection":[{"href":"https:\/\/corrientesdetarde.com\/index.php\/wp-json\/wp\/v2\/posts"}],"about":[{"href":"https:\/\/corrientesdetarde.com\/index.php\/wp-json\/wp\/v2\/types\/post"}],"author":[{"embeddable":true,"href":"https:\/\/corrientesdetarde.com\/index.php\/wp-json\/wp\/v2\/users\/11"}],"replies":[{"embeddable":true,"href":"https:\/\/corrientesdetarde.com\/index.php\/wp-json\/wp\/v2\/comments?post=254431"}],"version-history":[{"count":1,"href":"https:\/\/corrientesdetarde.com\/index.php\/wp-json\/wp\/v2\/posts\/254431\/revisions"}],"predecessor-version":[{"id":254433,"href":"https:\/\/corrientesdetarde.com\/index.php\/wp-json\/wp\/v2\/posts\/254431\/revisions\/254433"}],"wp:featuredmedia":[{"embeddable":true,"href":"https:\/\/corrientesdetarde.com\/index.php\/wp-json\/wp\/v2\/media\/254432"}],"wp:attachment":[{"href":"https:\/\/corrientesdetarde.com\/index.php\/wp-json\/wp\/v2\/media?parent=254431"}],"wp:term":[{"taxonomy":"category","embeddable":true,"href":"https:\/\/corrientesdetarde.com\/index.php\/wp-json\/wp\/v2\/categories?post=254431"},{"taxonomy":"post_tag","embeddable":true,"href":"https:\/\/corrientesdetarde.com\/index.php\/wp-json\/wp\/v2\/tags?post=254431"}],"curies":[{"name":"wp","href":"https:\/\/api.w.org\/{rel}","templated":true}]}}