{"id":254441,"date":"2026-04-29T14:41:51","date_gmt":"2026-04-29T17:41:51","guid":{"rendered":"https:\/\/corrientesdetarde.com\/?p=254441"},"modified":"2026-04-29T14:42:10","modified_gmt":"2026-04-29T17:42:10","slug":"jorge-rojas-gira-20-anos-en-corrientes","status":"publish","type":"post","link":"https:\/\/corrientesdetarde.com\/index.php\/cultura\/jorge-rojas-gira-20-anos-en-corrientes\/","title":{"rendered":"Jorge Rojas Gira 20 A\u00f1os en Corrientes"},"content":{"rendered":"\n<p><em>El reconocido cantautor se presentar\u00e1 este fin de semana los d\u00edas 1 y 2 de mayo, a las 21 en el Teatro Oficial Juan de Vera.<\/em><\/p>\n\n\n\n<p>Jorge Rojas es una de las voces m\u00e1s emblem\u00e1ticas de la m\u00fasica argentina y se encuentra celebrando un hito en su trayectoria: 20 a\u00f1os de carrera solista.<\/p>\n\n\n\n<p>Bajo el t\u00edtulo #JRGira20A\u00f1os prepar\u00f3 una serie de conciertos especiales donde el cantante revisita sus cl\u00e1sicos con una perspectiva actual, invitando a sus seguidores a recorrer un viaje a trav\u00e9s de dos d\u00e9cadas de m\u00fasica y emociones, actuando en los teatros de las ciudades m\u00e1s importantes y significativas de su vida, de las cuales ya tuvo el gusto de visitar durante el 2025 las ciudades de Rosario, Tucum\u00e1n, Termas de Rio Hondo, Jun\u00edn, Santa Rosa, San Luis, San Juan, Bah\u00eda Blanca, Buenos Aires, Neuqu\u00e9n, Jujuy, Salta, Mendoza.<\/p>\n\n\n\n<p>Desde aquel primer trabajo discogr\u00e1fico \u201cLa Vida\u201d editado en el a\u00f1o 2005, que obtuvo disco de oro en menos de una semana de su lanzamiento, Jorge Rojas al d\u00eda de hoy sigue triunfando como artista, siendo reconocido como un gran productor, autor, compositor que experimenta nuevos sonidos, que juega con melod\u00edas y que contin\u00faa sorprendiendo a sus seguidores.&nbsp;<\/p>\n\n\n\n<p>En estos 20 a\u00f1os se ha coronado con m\u00faltiples logros, como records en ventas, reconocimientos discogr\u00e1ficos y llenos totales en cada uno de sus presentaciones en vivo, pero sobre todo encontr\u00f3 en lo cotidiano esa poes\u00eda que no siempre somos capaces de ver y que lo traduce en canciones que conectan directamente con su p\u00fablico.<\/p>\n\n\n\n<p>Y como pocos, es capaz de montar en una misma temporada de verano tres propuestas art\u00edsticas diferentes y ser ovacionado por igual. Con la profundidad de su extraordinaria voz puede recorrer un show completo de car\u00e1cter netamente folkl\u00f3rico que refleja su m\u00fasica de ra\u00edz, o explotar su faceta m\u00e1s mel\u00f3dica con ese sonido que el artista logr\u00f3 capitalizar luego de recorrer varios pa\u00edses de Latinoam\u00e9rica, o por \u00faltimo y no menos arriesgado, que sus temas resuenen con una magnitud diferente y se destaque su registro de tenor cada vez que se viste de gala para brindar un concierto sinf\u00f3nico.&nbsp;&nbsp;<\/p>\n\n\n\n<p>Por todo esto, Jorge Rojas sin dudas alcanz\u00f3 dos d\u00e9cadas de triunfos musicales, con la habilidad \u00fanica para transmitir emociones a trav\u00e9s de sus letras, convirti\u00e9ndose en ese artista irrepetible que llega al coraz\u00f3n de todos con una coherencia que el p\u00fablico ha recompensado con absoluta fidelidad pese al paso del tiempo.<\/p>\n\n\n\n<p>Contacto producci\u00f3n: Eugenia Flores 3513821973 \u2013&nbsp;<a href=\"mailto:quilaysrl@jorgerojas.info\" target=\"_blank\" rel=\"noreferrer noopener\">quilaysrl@jorgerojas.info<\/a>&nbsp;<\/p>\n\n\n\n<p><strong>Entradas<\/strong><\/p>\n\n\n\n<p>A la venta en&nbsp;<a href=\"http:\/\/weepas.ar\/\" target=\"_blank\" rel=\"noreferrer noopener\">weepas.ar\/<\/a>&nbsp;y en boleter\u00eda del teatro, San Juan 637, de lunes a s\u00e1bados de 9 a 13 y de 17 a 21.<\/p>\n","protected":false},"excerpt":{"rendered":"<p>El reconocido cantautor se presentar\u00e1 este fin de semana los d\u00edas 1 y 2 de mayo, a las 21 en el Teatro Oficial Juan de Vera. Jorge Rojas es una&hellip; <\/p>\n","protected":false},"author":4,"featured_media":254442,"comment_status":"closed","ping_status":"open","sticky":false,"template":"","format":"standard","meta":{"footnotes":""},"categories":[15],"tags":[],"class_list":["post-254441","post","type-post","status-publish","format-standard","has-post-thumbnail","hentry","category-cultura"],"_links":{"self":[{"href":"https:\/\/corrientesdetarde.com\/index.php\/wp-json\/wp\/v2\/posts\/254441","targetHints":{"allow":["GET"]}}],"collection":[{"href":"https:\/\/corrientesdetarde.com\/index.php\/wp-json\/wp\/v2\/posts"}],"about":[{"href":"https:\/\/corrientesdetarde.com\/index.php\/wp-json\/wp\/v2\/types\/post"}],"author":[{"embeddable":true,"href":"https:\/\/corrientesdetarde.com\/index.php\/wp-json\/wp\/v2\/users\/4"}],"replies":[{"embeddable":true,"href":"https:\/\/corrientesdetarde.com\/index.php\/wp-json\/wp\/v2\/comments?post=254441"}],"version-history":[{"count":1,"href":"https:\/\/corrientesdetarde.com\/index.php\/wp-json\/wp\/v2\/posts\/254441\/revisions"}],"predecessor-version":[{"id":254443,"href":"https:\/\/corrientesdetarde.com\/index.php\/wp-json\/wp\/v2\/posts\/254441\/revisions\/254443"}],"wp:featuredmedia":[{"embeddable":true,"href":"https:\/\/corrientesdetarde.com\/index.php\/wp-json\/wp\/v2\/media\/254442"}],"wp:attachment":[{"href":"https:\/\/corrientesdetarde.com\/index.php\/wp-json\/wp\/v2\/media?parent=254441"}],"wp:term":[{"taxonomy":"category","embeddable":true,"href":"https:\/\/corrientesdetarde.com\/index.php\/wp-json\/wp\/v2\/categories?post=254441"},{"taxonomy":"post_tag","embeddable":true,"href":"https:\/\/corrientesdetarde.com\/index.php\/wp-json\/wp\/v2\/tags?post=254441"}],"curies":[{"name":"wp","href":"https:\/\/api.w.org\/{rel}","templated":true}]}}