{"id":254444,"date":"2026-04-29T14:44:25","date_gmt":"2026-04-29T17:44:25","guid":{"rendered":"https:\/\/corrientesdetarde.com\/?p=254444"},"modified":"2026-04-29T14:44:37","modified_gmt":"2026-04-29T17:44:37","slug":"asi-seran-los-servicios-municipales-para-el-1-de-mayo","status":"publish","type":"post","link":"https:\/\/corrientesdetarde.com\/index.php\/actualidad\/asi-seran-los-servicios-municipales-para-el-1-de-mayo\/","title":{"rendered":"As\u00ed ser\u00e1n los servicios municipales para el 1\u00b0 de mayo"},"content":{"rendered":"\n<p>La recolecci\u00f3n de residuos domiciliarios tendr\u00e1 un esquema especial durante el jueves y viernes para evitar que las zonas en las que se divide la ciudad se queden sin servicio durante dos d\u00edas consecutivos. En el feriado nacional habr\u00e1 guardias en las \u00e1reas esenciales, mientras que las dependencias administrativas comunales no atender\u00e1n al p\u00fablico.<\/p>\n\n\n\n<p>La Municipalidad de Corrientes comunica acerca del funcionamiento de los servicios que brindan sus distintas dependencias para este viernes 1\u00b0 de mayo, feriado nacional por el D\u00eda del Trabajador.<br><br>La Secretar\u00eda de Servicios P\u00fablicos inform\u00f3 que, para evitar que cualquiera de las zonas en la que se divide la ciudad se quede sin prestaci\u00f3n durante dos d\u00edas, se dispuso un esquema especial de trabajo. As\u00ed, el jueves 30 de abril la recolecci\u00f3n de residuos diurna se cumplir\u00e1 normalmente, mientras que no habr\u00e1 servicio nocturno; en tanto que el viernes 1\u00b0 de mayo se invertir\u00e1 la prestaci\u00f3n: no habr\u00e1 recolecci\u00f3n diurna y se prestar\u00e1 la nocturna.<\/p>\n\n\n\n<figure class=\"wp-block-image size-full\"><img loading=\"lazy\" decoding=\"async\" width=\"919\" height=\"724\" src=\"https:\/\/corrientesdetarde.com\/wp-content\/uploads\/2026\/04\/Captura-de-pantalla-2026-04-29-144257.png\" alt=\"\" class=\"wp-image-254445\" srcset=\"https:\/\/corrientesdetarde.com\/wp-content\/uploads\/2026\/04\/Captura-de-pantalla-2026-04-29-144257.png 919w, https:\/\/corrientesdetarde.com\/wp-content\/uploads\/2026\/04\/Captura-de-pantalla-2026-04-29-144257-300x236.png 300w, https:\/\/corrientesdetarde.com\/wp-content\/uploads\/2026\/04\/Captura-de-pantalla-2026-04-29-144257-768x605.png 768w\" sizes=\"auto, (max-width: 919px) 100vw, 919px\" \/><\/figure>\n\n\n\n<p><br><br>La Direcci\u00f3n General de Defunciones, cuya oficina funciona los fines de semana y feriados en el cementerio \u201cSan Juan Bautista\u201d, atender\u00e1 de 7 a 19 s\u00f3lo para tr\u00e1mites inherentes a inhumaciones, introducci\u00f3n de cenizas y traslados de car\u00e1cter urgente.<br><br>En tanto que los cementerios \u201cSan Juan Bautista\u201d, del barrio Virgen de los Dolores, y \u201cSan Isidro Labrador\u201d, de Laguna Brava, abrir\u00e1n de 7 a 17 para visitas e inhumaciones.<br><br>Desde la subsecretar\u00eda de Transporte se indic\u00f3 que este 1\u00b0 de mayo no estar\u00e1n disponibles los Puntos de Atenci\u00f3n SUBE, y tampoco funcionar\u00e1 el servicio de estacionamiento medido, aunque habr\u00e1 una guardia de inspecci\u00f3n en la oficina ubicada por calle Belgrano 2157.<br><br>El Tribunal de Faltas permanecer\u00e1 cerrado este viernes feriado. En tanto que el s\u00e1bado 2 y domingo 3 atender\u00e1 con una guardia que funcionar\u00e1 de 8 a 16, para tr\u00e1mites abreviados de secuestros comunes y retiro de veh\u00edculos de la v\u00eda p\u00fablica.<br><br>Los puestos ubicados en los mercados de Abasto (El Piso) y de Productos Frescos no abrir\u00e1n este viernes. En cuanto a los Paseos de Compras, el \u00fanico que trabajar\u00e1 este 1\u00b0 de mayo ser\u00e1 el denominado \u201cEx V\u00eda\u201d (Lisandro Segovia y Ram\u00f3n Carrillo), en horario de 9 a 21.<br><br>Desde la Secretar\u00eda de Desarrollo Humano, se inform\u00f3 que el viernes 1\u00b0 de 10 a 22 en el Paseo Arazaty (Av. 3 de abril y Av. Costanera) y en Punta Tacuara (Play\u00f3n del Rotary) estar\u00e1n los feriantes con plantas ornamentales, panificados caseros, dulces regionales y artesan\u00edas.<br><br>La Subsecretar\u00eda de Turismo detall\u00f3\u00a0que los Centros de Informes Tur\u00edsticos tendr\u00e1n la modalidad de atenci\u00f3n con guardias para el 1\u00b0 de mayo de acuerdo a esta modalidad: Plaza Vera, de 7 a 22; El Puerto, de 7 a 15; Plaza Cabral, de 8 a 21; Terminal, de 8 a 20; y Promo Truck (Costanera Sur y General Paz), de 9 a 21.<br><br>Hay que recordar que en ambos d\u00edas habr\u00e1 guardias en las \u00e1reas de Tr\u00e1nsito, Guardia Urbana y el servicio de ambulancias municipal.<br><br>En cambio, no habr\u00e1 atenci\u00f3n este viernes en la Agencia Correntina de Recaudaci\u00f3n (ACOR), el Centro Emisor de Licencias (CEL), la Caja Municipal de Pr\u00e9stamos (CMP), las Salas de Atenci\u00f3n Primaria de la Salud (SAPS) y las dem\u00e1s oficinas administrativas municipales.<\/p>\n","protected":false},"excerpt":{"rendered":"<p>La recolecci\u00f3n de residuos domiciliarios tendr\u00e1 un esquema especial durante el jueves y viernes para evitar que las zonas en las que se divide la ciudad se queden sin servicio&hellip; <\/p>\n","protected":false},"author":4,"featured_media":254446,"comment_status":"closed","ping_status":"open","sticky":false,"template":"","format":"standard","meta":{"footnotes":""},"categories":[23],"tags":[],"class_list":["post-254444","post","type-post","status-publish","format-standard","has-post-thumbnail","hentry","category-actualidad"],"_links":{"self":[{"href":"https:\/\/corrientesdetarde.com\/index.php\/wp-json\/wp\/v2\/posts\/254444","targetHints":{"allow":["GET"]}}],"collection":[{"href":"https:\/\/corrientesdetarde.com\/index.php\/wp-json\/wp\/v2\/posts"}],"about":[{"href":"https:\/\/corrientesdetarde.com\/index.php\/wp-json\/wp\/v2\/types\/post"}],"author":[{"embeddable":true,"href":"https:\/\/corrientesdetarde.com\/index.php\/wp-json\/wp\/v2\/users\/4"}],"replies":[{"embeddable":true,"href":"https:\/\/corrientesdetarde.com\/index.php\/wp-json\/wp\/v2\/comments?post=254444"}],"version-history":[{"count":1,"href":"https:\/\/corrientesdetarde.com\/index.php\/wp-json\/wp\/v2\/posts\/254444\/revisions"}],"predecessor-version":[{"id":254447,"href":"https:\/\/corrientesdetarde.com\/index.php\/wp-json\/wp\/v2\/posts\/254444\/revisions\/254447"}],"wp:featuredmedia":[{"embeddable":true,"href":"https:\/\/corrientesdetarde.com\/index.php\/wp-json\/wp\/v2\/media\/254446"}],"wp:attachment":[{"href":"https:\/\/corrientesdetarde.com\/index.php\/wp-json\/wp\/v2\/media?parent=254444"}],"wp:term":[{"taxonomy":"category","embeddable":true,"href":"https:\/\/corrientesdetarde.com\/index.php\/wp-json\/wp\/v2\/categories?post=254444"},{"taxonomy":"post_tag","embeddable":true,"href":"https:\/\/corrientesdetarde.com\/index.php\/wp-json\/wp\/v2\/tags?post=254444"}],"curies":[{"name":"wp","href":"https:\/\/api.w.org\/{rel}","templated":true}]}}