{"id":254448,"date":"2026-04-29T14:52:27","date_gmt":"2026-04-29T17:52:27","guid":{"rendered":"https:\/\/corrientesdetarde.com\/?p=254448"},"modified":"2026-04-29T14:52:32","modified_gmt":"2026-04-29T17:52:32","slug":"seguridad-vial-de-corrientes-insta-a-la-concientizacion-en-la-lucha-contra-los-accidentes","status":"publish","type":"post","link":"https:\/\/corrientesdetarde.com\/index.php\/destacados\/seguridad-vial-de-corrientes-insta-a-la-concientizacion-en-la-lucha-contra-los-accidentes\/","title":{"rendered":"Seguridad Vial de Corrientes insta a la concientizaci\u00f3n en la lucha contra los accidentes"},"content":{"rendered":"\n<p><em>Se realiz\u00f3 la primera sesi\u00f3n de la Asamblea Plenaria del Consejo Provincial de Seguridad Vial, con foco en la educaci\u00f3n y la tecnolog\u00eda. En la ocasi\u00f3n, se aprob\u00f3 el reglamento y se destac\u00f3 el trabajo interministerial para reducir la siniestralidad. Autoridades nacionales y provinciales coincidieron en que la seguridad vial es una responsabilidad compartida que requiere formaci\u00f3n escolar e inversi\u00f3n t\u00e9cnica.<\/em><\/p>\n\n\n\n<p>Corrientes fue sede este mi\u00e9rcoles de la Primera Asamblea Plenaria del Consejo Provincial de Seguridad Vial, un \u00f3rgano t\u00e9cnico creado para profesionalizar las pol\u00edticas de tr\u00e1nsito bajo la \u00f3rbita de la Subsecretar\u00eda de Seguridad Vial.<\/p>\n\n\n\n<p>El evento, que se llev\u00f3 adelante en la sede del ministerio de Coordinaci\u00f3n y Planificaci\u00f3n (25 de Mayo 1041), fue presidido por Juan Manuel Saloj, quien destac\u00f3 la necesidad de transformar el marco normativo vigente en acciones concretas que garanticen la seguridad en las rutas correntinas.<\/p>\n\n\n\n<p>Durante el encuentro, autoridades de Salud, Educaci\u00f3n, Justicia y Seguridad, junto a representantes de la UNNE y c\u00e1maras empresariales, aprobaron el Reglamento de Organizaci\u00f3n y Funcionamiento para iniciar la operatividad inmediata del Consejo.<\/p>\n\n\n\n<p><strong>Educaci\u00f3n y tecnolog\u00eda: los pilares de la gesti\u00f3n<\/strong><\/p>\n\n\n\n<p>Para Juan Manuel Saloj, subsecretario de Seguridad Vial y presidente del Consejo Federal del \u00e1rea, la clave del \u00e9xito reside en una mirada moderna e \u00edntegra, estableciendo pol\u00edticas p\u00fablicas para reducir al m\u00e1ximo la cifra de fallecidos.<\/p>\n\n\n\n<p>El funcionario puso especial \u00e9nfasis en el rol de la formaci\u00f3n y la innovaci\u00f3n: &#8220;No solo aumentamos los controles, sino que hablamos de educaci\u00f3n y concientizaci\u00f3n.<\/p>\n\n\n\n<p>Para Saloj, los lineamientos centrales de su gesti\u00f3n se resumen en &#8220;educaci\u00f3n y tecnolog\u00eda&#8221;, integrando a su vez el pedido de inversi\u00f3n en infraestructura a organismos como Vialidad Nacional para &#8220;bajar los riesgos&#8221; de forma efectiva.<\/p>\n\n\n\n<p>Por su parte Patricio Smith, director Nacional de Coordinaci\u00f3n Interjurisdiccional de la ANSV, calific\u00f3 la siniestralidad vial como una problem\u00e1tica &#8220;dram\u00e1tica&#8221; y elogi\u00f3 el liderazgo de la provincia. &#8220;Corrientes preside el Consejo Federal donde est\u00e1n las m\u00e1ximas autoridades de todo el pa\u00eds, y eso tiene que ver con su esp\u00edritu colaborativo&#8221;, se\u00f1al\u00f3, a la vez que remarc\u00f3 que la seguridad vial es una &#8220;responsabilidad compartida&#8221; entre todos.<\/p>\n\n\n\n<p>Finalmente, coincidi\u00f3 con Saloj en que la educaci\u00f3n desde la primaria es el &#8220;eje transversal&#8221; para revertir que el 60% de los fallecidos sean usuarios de motos.<\/p>\n","protected":false},"excerpt":{"rendered":"<p>Se realiz\u00f3 la primera sesi\u00f3n de la Asamblea Plenaria del Consejo Provincial de Seguridad Vial, con foco en la educaci\u00f3n y la tecnolog\u00eda. En la ocasi\u00f3n, se aprob\u00f3 el reglamento&hellip; <\/p>\n","protected":false},"author":4,"featured_media":254449,"comment_status":"closed","ping_status":"open","sticky":false,"template":"","format":"standard","meta":{"footnotes":""},"categories":[26],"tags":[],"class_list":["post-254448","post","type-post","status-publish","format-standard","has-post-thumbnail","hentry","category-destacados"],"_links":{"self":[{"href":"https:\/\/corrientesdetarde.com\/index.php\/wp-json\/wp\/v2\/posts\/254448","targetHints":{"allow":["GET"]}}],"collection":[{"href":"https:\/\/corrientesdetarde.com\/index.php\/wp-json\/wp\/v2\/posts"}],"about":[{"href":"https:\/\/corrientesdetarde.com\/index.php\/wp-json\/wp\/v2\/types\/post"}],"author":[{"embeddable":true,"href":"https:\/\/corrientesdetarde.com\/index.php\/wp-json\/wp\/v2\/users\/4"}],"replies":[{"embeddable":true,"href":"https:\/\/corrientesdetarde.com\/index.php\/wp-json\/wp\/v2\/comments?post=254448"}],"version-history":[{"count":1,"href":"https:\/\/corrientesdetarde.com\/index.php\/wp-json\/wp\/v2\/posts\/254448\/revisions"}],"predecessor-version":[{"id":254450,"href":"https:\/\/corrientesdetarde.com\/index.php\/wp-json\/wp\/v2\/posts\/254448\/revisions\/254450"}],"wp:featuredmedia":[{"embeddable":true,"href":"https:\/\/corrientesdetarde.com\/index.php\/wp-json\/wp\/v2\/media\/254449"}],"wp:attachment":[{"href":"https:\/\/corrientesdetarde.com\/index.php\/wp-json\/wp\/v2\/media?parent=254448"}],"wp:term":[{"taxonomy":"category","embeddable":true,"href":"https:\/\/corrientesdetarde.com\/index.php\/wp-json\/wp\/v2\/categories?post=254448"},{"taxonomy":"post_tag","embeddable":true,"href":"https:\/\/corrientesdetarde.com\/index.php\/wp-json\/wp\/v2\/tags?post=254448"}],"curies":[{"name":"wp","href":"https:\/\/api.w.org\/{rel}","templated":true}]}}