{"id":254451,"date":"2026-04-29T14:57:09","date_gmt":"2026-04-29T17:57:09","guid":{"rendered":"https:\/\/corrientesdetarde.com\/?p=254451"},"modified":"2026-04-29T14:57:15","modified_gmt":"2026-04-29T17:57:15","slug":"el-gobierno-fortalece-el-atletismo-en-las-escuelas-con-inclusion-y-sana-competencia","status":"publish","type":"post","link":"https:\/\/corrientesdetarde.com\/index.php\/locales\/el-gobierno-fortalece-el-atletismo-en-las-escuelas-con-inclusion-y-sana-competencia\/","title":{"rendered":"El Gobierno fortalece el atletismo en las escuelas con inclusi\u00f3n y sana competencia"},"content":{"rendered":"\n<p>Con singular \u00e9xito se desarroll\u00f3 en las instalaciones del Centro de Educaci\u00f3n F\u00edsica N\u00b017, el Primer Torneo Promocional de Atletismo impulsado por el Gobierno de la Provincia a trav\u00e9s del Ministerio de Educaci\u00f3n y la Direcci\u00f3n General de Educaci\u00f3n F\u00edsica, una competencia enfocada en estudiantes de nivel secundario, tanto en modalidad convencional como adaptada.<\/p>\n\n\n\n<p>La participaci\u00f3n fue masiva con la presencia de cerca de 500 j\u00f3venes de 42 establecimientos educativos de Capital, San Cayetano, Santa Ana y Riachuelo.<\/p>\n\n\n\n<figure class=\"wp-block-image size-large\"><img loading=\"lazy\" decoding=\"async\" width=\"1024\" height=\"678\" src=\"https:\/\/corrientesdetarde.com\/wp-content\/uploads\/2026\/04\/Captura-de-pantalla-2026-04-29-145542-1024x678.png\" alt=\"\" class=\"wp-image-254453\" srcset=\"https:\/\/corrientesdetarde.com\/wp-content\/uploads\/2026\/04\/Captura-de-pantalla-2026-04-29-145542-1024x678.png 1024w, https:\/\/corrientesdetarde.com\/wp-content\/uploads\/2026\/04\/Captura-de-pantalla-2026-04-29-145542-300x199.png 300w, https:\/\/corrientesdetarde.com\/wp-content\/uploads\/2026\/04\/Captura-de-pantalla-2026-04-29-145542-768x509.png 768w, https:\/\/corrientesdetarde.com\/wp-content\/uploads\/2026\/04\/Captura-de-pantalla-2026-04-29-145542.png 1356w\" sizes=\"auto, (max-width: 1024px) 100vw, 1024px\" \/><\/figure>\n\n\n\n<p><\/p>\n\n\n\n<p>Esta actividad funciona como instancia de preparaci\u00f3n para los torneos zonales, provinciales y nacionales, permitiendo a los estudiantes mejorar marcas y familiarizarse con la competici\u00f3n.<\/p>\n\n\n\n<p>En atletismo convencional, las competencias fueron carreras de 80, 300, 400 y 800 metros, salto en alto y largo, lanzamiento de bala, disco y jabalina, abarcando a las categor\u00edas Sub 15, 17 y 19, tanto en masculino como en femenino.<\/p>\n\n\n\n<p>Mientras que en atletismo adaptado, la actividad se dio en carreras de 80 y 100 metros, lanzamiento de bala y salto en largo, en las categor\u00edas Sub 15 y Sub 18, masculino y femenino.<\/p>\n\n\n\n<figure class=\"wp-block-image size-full\"><img loading=\"lazy\" decoding=\"async\" width=\"596\" height=\"877\" src=\"https:\/\/corrientesdetarde.com\/wp-content\/uploads\/2026\/04\/Captura-de-pantalla-2026-04-29-145548.png\" alt=\"\" class=\"wp-image-254454\" srcset=\"https:\/\/corrientesdetarde.com\/wp-content\/uploads\/2026\/04\/Captura-de-pantalla-2026-04-29-145548.png 596w, https:\/\/corrientesdetarde.com\/wp-content\/uploads\/2026\/04\/Captura-de-pantalla-2026-04-29-145548-204x300.png 204w\" sizes=\"auto, (max-width: 596px) 100vw, 596px\" \/><\/figure>\n\n\n\n<p>La competencia tuvo su acto inaugural, encabezado por el titular de la Direcci\u00f3n General de Educaci\u00f3n F\u00edsica de la Provincia, Alejandro Simoni, que destac\u00f3 esta iniciativa que se enmarcada&nbsp;en el Plan de Desarrollo de Atletismo y Educaci\u00f3n F\u00edsica, acotando que el trabajo de los profesores es clave para incentivar la participaci\u00f3n.<\/p>\n\n\n\n<p>Simoni subray\u00f3 que el atletismo es la \u201cbase de todos los deportes para poder desarrollar cualquier cualidad f\u00edsica\u201d y valor\u00f3 la inclusi\u00f3n a trav\u00e9s del deporte de los atletas adaptados, que \u201cnos dan grandes resultados y satisfacciones cada vez que van a los Juegos Evita\u201d.<\/p>\n\n\n\n<p>Para culminar, Simoni puso de relieve que adem\u00e1s del atletismo, el calendario anual tambi\u00e9n tiene fijado Torneos Promocionales en v\u00f3ley, handball y otras disciplinas, con llegada al interior, apostando a un sentido federal de competencias.<\/p>\n","protected":false},"excerpt":{"rendered":"<p>Con singular \u00e9xito se desarroll\u00f3 en las instalaciones del Centro de Educaci\u00f3n F\u00edsica N\u00b017, el Primer Torneo Promocional de Atletismo impulsado por el Gobierno de la Provincia a trav\u00e9s del&hellip; <\/p>\n","protected":false},"author":4,"featured_media":254452,"comment_status":"closed","ping_status":"open","sticky":false,"template":"","format":"standard","meta":{"footnotes":""},"categories":[8],"tags":[],"class_list":["post-254451","post","type-post","status-publish","format-standard","has-post-thumbnail","hentry","category-locales"],"_links":{"self":[{"href":"https:\/\/corrientesdetarde.com\/index.php\/wp-json\/wp\/v2\/posts\/254451","targetHints":{"allow":["GET"]}}],"collection":[{"href":"https:\/\/corrientesdetarde.com\/index.php\/wp-json\/wp\/v2\/posts"}],"about":[{"href":"https:\/\/corrientesdetarde.com\/index.php\/wp-json\/wp\/v2\/types\/post"}],"author":[{"embeddable":true,"href":"https:\/\/corrientesdetarde.com\/index.php\/wp-json\/wp\/v2\/users\/4"}],"replies":[{"embeddable":true,"href":"https:\/\/corrientesdetarde.com\/index.php\/wp-json\/wp\/v2\/comments?post=254451"}],"version-history":[{"count":1,"href":"https:\/\/corrientesdetarde.com\/index.php\/wp-json\/wp\/v2\/posts\/254451\/revisions"}],"predecessor-version":[{"id":254455,"href":"https:\/\/corrientesdetarde.com\/index.php\/wp-json\/wp\/v2\/posts\/254451\/revisions\/254455"}],"wp:featuredmedia":[{"embeddable":true,"href":"https:\/\/corrientesdetarde.com\/index.php\/wp-json\/wp\/v2\/media\/254452"}],"wp:attachment":[{"href":"https:\/\/corrientesdetarde.com\/index.php\/wp-json\/wp\/v2\/media?parent=254451"}],"wp:term":[{"taxonomy":"category","embeddable":true,"href":"https:\/\/corrientesdetarde.com\/index.php\/wp-json\/wp\/v2\/categories?post=254451"},{"taxonomy":"post_tag","embeddable":true,"href":"https:\/\/corrientesdetarde.com\/index.php\/wp-json\/wp\/v2\/tags?post=254451"}],"curies":[{"name":"wp","href":"https:\/\/api.w.org\/{rel}","templated":true}]}}