{"id":254456,"date":"2026-04-29T15:12:15","date_gmt":"2026-04-29T18:12:15","guid":{"rendered":"https:\/\/corrientesdetarde.com\/?p=254456"},"modified":"2026-04-29T15:12:27","modified_gmt":"2026-04-29T18:12:27","slug":"el-banco-puso-en-agenda-a-corrientes-en-la-expo-efi-con-el-desarrollo-productivo-y-la-agenda-economica-como-ejes","status":"publish","type":"post","link":"https:\/\/corrientesdetarde.com\/index.php\/locales\/el-banco-puso-en-agenda-a-corrientes-en-la-expo-efi-con-el-desarrollo-productivo-y-la-agenda-economica-como-ejes\/","title":{"rendered":"El BanCo puso en agenda a Corrientes en la Expo EFI, con el desarrollo productivo y la agenda econ\u00f3mica como ejes"},"content":{"rendered":"\n<p><em>En el marco de Expo EFI 2026, el Banco de Corrientes tuvo presencia institucional y acompa\u00f1\u00f3 la participaci\u00f3n de la Provincia en uno de los encuentros econ\u00f3micos m\u00e1s relevantes del pa\u00eds. All\u00ed, el gobernador Juan Pablo Vald\u00e9s expuso en un panel de gobernadores sobre transformaci\u00f3n productiva.<\/em><\/p>\n\n\n\n<figure class=\"wp-block-image size-large\"><img loading=\"lazy\" decoding=\"async\" width=\"1024\" height=\"680\" src=\"https:\/\/corrientesdetarde.com\/wp-content\/uploads\/2026\/04\/Captura-de-pantalla-2026-04-29-150001-1024x680.png\" alt=\"\" class=\"wp-image-254457\" srcset=\"https:\/\/corrientesdetarde.com\/wp-content\/uploads\/2026\/04\/Captura-de-pantalla-2026-04-29-150001-1024x680.png 1024w, https:\/\/corrientesdetarde.com\/wp-content\/uploads\/2026\/04\/Captura-de-pantalla-2026-04-29-150001-300x199.png 300w, https:\/\/corrientesdetarde.com\/wp-content\/uploads\/2026\/04\/Captura-de-pantalla-2026-04-29-150001-768x510.png 768w, https:\/\/corrientesdetarde.com\/wp-content\/uploads\/2026\/04\/Captura-de-pantalla-2026-04-29-150001.png 1359w\" sizes=\"auto, (max-width: 1024px) 100vw, 1024px\" \/><\/figure>\n\n\n\n<p>El Banco de Corrientes particip\u00f3 de la Expo EFI 2026, uno de los encuentros m\u00e1s relevantes de la agenda econ\u00f3mica nacional, que se est\u00e1 realizando este 28 y 29 de abril en el Centro de Convenciones de Buenos Aires. All\u00ed, gobernadores, empresarios, funcionarios, consultores y referentes del sector privado debatieron sobre los desaf\u00edos de la econom\u00eda real, las finanzas, las inversiones y la transformaci\u00f3n productiva del pa\u00eds.<\/p>\n\n\n\n<p>En ese marco, el gobernador de Corrientes, Juan Pablo Vald\u00e9s, particip\u00f3 del panel \u201cEconom\u00eda real y transformaci\u00f3n productiva. La mirada de las regiones\u201d, junto a otros mandatarios provinciales: Ra\u00fal Jalil, de Catamarca; Ignacio Torres, de Chubut; y Alfredo Cornejo, de Mendoza.<\/p>\n\n\n\n<p>La presencia del Banco de Corrientes en Expo EFI reforz\u00f3 su rol como actor estrat\u00e9gico para el desarrollo provincial. La entidad propici\u00f3 la participaci\u00f3n de Corrientes en un espacio clave para visibilizar oportunidades de inversi\u00f3n, fortalecer v\u00ednculos con el sector privado y posicionar a la provincia dentro de una agenda nacional que mira cada vez m\u00e1s hacia las econom\u00edas regionales, la infraestructura, la producci\u00f3n y la generaci\u00f3n de empleo.<\/p>\n\n\n\n<p>Durante su exposici\u00f3n, el Gobernador sostuvo que el cambio de contexto nacional obliga a las jurisdicciones provinciales a salir a buscar inversiones y a consolidar una matriz productiva propia. En esa l\u00ednea, afirm\u00f3 que esa nueva realidad lleva a los gobernadores a \u201csalir a trabajar cada provincia con una mirada desarrollista propia e interna\u201d y a fortalecer la articulaci\u00f3n con el sector privado.<\/p>\n\n\n\n<p>En ese punto, el rol del Banco de Corrientes aparece como una pieza central de la estrategia provincial. Como banca p\u00fablica provincial, el BanCo no solo acompa\u00f1a financieramente a familias, empresas y productores, sino que tambi\u00e9n funciona como una herramienta de desarrollo, capaz de acercar soluciones, impulsar sectores estrat\u00e9gicos y contribuir a que las oportunidades productivas se transformen en inversi\u00f3n concreta.<\/p>\n\n\n\n<p>Hacia el cierre del panel, Vald\u00e9s expres\u00f3 una mirada optimista sobre el futuro del pa\u00eds. Afirm\u00f3 que la Argentina que viene ser\u00e1 \u201cmucho m\u00e1s s\u00f3lida\u201d, con una sociedad que demanda eficiencia, planificaci\u00f3n, producci\u00f3n y menos confrontaci\u00f3n pol\u00edtica.<\/p>\n\n\n\n<p>Adem\u00e1s del panel de gobernadores, Expo EFI cont\u00f3 con la participaci\u00f3n de especialistas econ\u00f3micos de referencia. Entre ellos, Fausto Spotorno, consultor econ\u00f3mico y director de la Escuela de Negocios de la UADE, quien brind\u00f3 la charla \u201cPerspectivas&nbsp;econ\u00f3micas:&nbsp;\u00bfQu\u00e9 esperar y c\u00f3mo comportarse?\u201d en el workshop de la banca correntina. Su presentaci\u00f3n estuvo centrada en el an\u00e1lisis del panorama financiero, las&nbsp;perspectivas&nbsp;econ\u00f3micas, los desaf\u00edos de la coyuntura actual y las oportunidades que se abren para empresas, inversores y sectores productivos.<\/p>\n\n\n\n<p>La participaci\u00f3n de Spotorno aport\u00f3 contexto al debate central de Expo EFI: c\u00f3mo interpretar el nuevo escenario econ\u00f3mico argentino y qu\u00e9 decisiones deben tomar los distintos actores p\u00fablicos y privados frente a un entorno de cambios. En ese mismo clima de an\u00e1lisis, Vald\u00e9s plante\u00f3 la necesidad de que las provincias asuman un rol m\u00e1s activo en la construcci\u00f3n de su propio desarrollo.<\/p>\n\n\n\n<p>En Expo EFI 2026, Corrientes volvi\u00f3 a mostrar que tiene una agenda propia para integrarse al crecimiento nacional. Y el Banco de Corrientes, como herramienta financiera e institucional de la provincia, acompa\u00f1\u00f3 ese mensaje: desarrollo, producci\u00f3n, inversi\u00f3n y federalismo como pilares para construir m\u00e1s oportunidades para los correntinos.<\/p>\n","protected":false},"excerpt":{"rendered":"<p>En el marco de Expo EFI 2026, el Banco de Corrientes tuvo presencia institucional y acompa\u00f1\u00f3 la participaci\u00f3n de la Provincia en uno de los encuentros econ\u00f3micos m\u00e1s relevantes del&hellip; <\/p>\n","protected":false},"author":4,"featured_media":254458,"comment_status":"closed","ping_status":"open","sticky":false,"template":"","format":"standard","meta":{"footnotes":""},"categories":[8],"tags":[],"class_list":["post-254456","post","type-post","status-publish","format-standard","has-post-thumbnail","hentry","category-locales"],"_links":{"self":[{"href":"https:\/\/corrientesdetarde.com\/index.php\/wp-json\/wp\/v2\/posts\/254456","targetHints":{"allow":["GET"]}}],"collection":[{"href":"https:\/\/corrientesdetarde.com\/index.php\/wp-json\/wp\/v2\/posts"}],"about":[{"href":"https:\/\/corrientesdetarde.com\/index.php\/wp-json\/wp\/v2\/types\/post"}],"author":[{"embeddable":true,"href":"https:\/\/corrientesdetarde.com\/index.php\/wp-json\/wp\/v2\/users\/4"}],"replies":[{"embeddable":true,"href":"https:\/\/corrientesdetarde.com\/index.php\/wp-json\/wp\/v2\/comments?post=254456"}],"version-history":[{"count":1,"href":"https:\/\/corrientesdetarde.com\/index.php\/wp-json\/wp\/v2\/posts\/254456\/revisions"}],"predecessor-version":[{"id":254459,"href":"https:\/\/corrientesdetarde.com\/index.php\/wp-json\/wp\/v2\/posts\/254456\/revisions\/254459"}],"wp:featuredmedia":[{"embeddable":true,"href":"https:\/\/corrientesdetarde.com\/index.php\/wp-json\/wp\/v2\/media\/254458"}],"wp:attachment":[{"href":"https:\/\/corrientesdetarde.com\/index.php\/wp-json\/wp\/v2\/media?parent=254456"}],"wp:term":[{"taxonomy":"category","embeddable":true,"href":"https:\/\/corrientesdetarde.com\/index.php\/wp-json\/wp\/v2\/categories?post=254456"},{"taxonomy":"post_tag","embeddable":true,"href":"https:\/\/corrientesdetarde.com\/index.php\/wp-json\/wp\/v2\/tags?post=254456"}],"curies":[{"name":"wp","href":"https:\/\/api.w.org\/{rel}","templated":true}]}}