{"id":254460,"date":"2026-04-29T15:19:24","date_gmt":"2026-04-29T18:19:24","guid":{"rendered":"https:\/\/corrientesdetarde.com\/?p=254460"},"modified":"2026-04-29T15:19:36","modified_gmt":"2026-04-29T18:19:36","slug":"diputados-de-corrientes-debaten-hoy-expropiaciones-en-ituzaingo","status":"publish","type":"post","link":"https:\/\/corrientesdetarde.com\/index.php\/actualidad\/diputados-de-corrientes-debaten-hoy-expropiaciones-en-ituzaingo\/","title":{"rendered":"Diputados de Corrientes debaten hoy expropiaciones en Ituzaing\u00f3"},"content":{"rendered":"\n<p>La C\u00e1mara de Diputados de Corrientes avanza en el tratamiento de un proyecto clave para el desarrollo productivo: la ampliaci\u00f3n del Parque Industrial y del Puerto de Ituzaing\u00f3.&nbsp;<\/p>\n\n\n\n<p>La iniciativa, que ya cuenta con media sanci\u00f3n, declara de utilidad p\u00fablica y sujetos a expropiaci\u00f3n a inmuebles ubicados en la primera secci\u00f3n de esa localidad, con el objetivo de expandir la infraestructura existente.<\/p>\n\n\n\n<p>El proyecto es parte del plan estrat\u00e9gico del Poder Ejecutivo para fortalecer el perfil industrial y log\u00edstico. Seg\u00fan los fundamentos oficiales, la ampliaci\u00f3n permitir\u00e1 mejorar la competitividad de la producci\u00f3n correntina en los mercados nacional e internacional, especialmente a partir del rol del puerto como v\u00eda de salida de mercader\u00edas.<\/p>\n\n\n\n<p>Tambi\u00e9n se destaca que el crecimiento del parque y del puerto impulsar\u00e1 el desarrollo econ\u00f3mico y social, consolidando una matriz productiva basada en recursos sustentables y renovables. En ese marco, la forestoindustria aparece como uno de los sectores con mayor potencial.<\/p>\n\n\n\n<p>En paralelo, Diputados tratar\u00e1 otros proyectos con despacho de comisi\u00f3n. Entre ellos, la creaci\u00f3n del Programa de Salud del Suelo P\u00e9lvico en el sistema p\u00fablico, con dictamen favorable sin modificaciones.<\/p>\n\n\n\n<p>Adem\u00e1s, avanzar\u00e1 una iniciativa que fija l\u00edmites al otorgamiento de subsidios o convenios con organizaciones que reivindiquen delitos de lesa humanidad, tambi\u00e9n con despacho favorable.<\/p>\n\n\n\n<p>Por otra parte, obtuvo dictamen favorable con modificaciones un proyecto que incorpora la leyenda &#8220;2026 \u0096 50\u00ba aniversario del \u00faltimo Golpe de Estado en Argentina. Nunca M\u00e1s&#8221; en las diligencias administrativas del Estado provincial.<\/p>\n\n\n\n<p>Finalmente, se debatir\u00e1 la creaci\u00f3n de la &#8220;Galer\u00eda de Presidentes&#8221; en la C\u00e1mara de Diputados, orientada a poner en valor la historia institucional del cuerpo.<\/p>\n\n\n\n<p>La agenda legislativa combina as\u00ed iniciativas de impacto productivo con propuestas vinculadas a salud, derechos humanos y fortalecimiento institucional.<\/p>\n","protected":false},"excerpt":{"rendered":"<p>La C\u00e1mara de Diputados de Corrientes avanza en el tratamiento de un proyecto clave para el desarrollo productivo: la ampliaci\u00f3n del Parque Industrial y del Puerto de Ituzaing\u00f3.&nbsp; La iniciativa,&hellip; <\/p>\n","protected":false},"author":4,"featured_media":254461,"comment_status":"closed","ping_status":"open","sticky":false,"template":"","format":"standard","meta":{"footnotes":""},"categories":[23],"tags":[],"class_list":["post-254460","post","type-post","status-publish","format-standard","has-post-thumbnail","hentry","category-actualidad"],"_links":{"self":[{"href":"https:\/\/corrientesdetarde.com\/index.php\/wp-json\/wp\/v2\/posts\/254460","targetHints":{"allow":["GET"]}}],"collection":[{"href":"https:\/\/corrientesdetarde.com\/index.php\/wp-json\/wp\/v2\/posts"}],"about":[{"href":"https:\/\/corrientesdetarde.com\/index.php\/wp-json\/wp\/v2\/types\/post"}],"author":[{"embeddable":true,"href":"https:\/\/corrientesdetarde.com\/index.php\/wp-json\/wp\/v2\/users\/4"}],"replies":[{"embeddable":true,"href":"https:\/\/corrientesdetarde.com\/index.php\/wp-json\/wp\/v2\/comments?post=254460"}],"version-history":[{"count":1,"href":"https:\/\/corrientesdetarde.com\/index.php\/wp-json\/wp\/v2\/posts\/254460\/revisions"}],"predecessor-version":[{"id":254462,"href":"https:\/\/corrientesdetarde.com\/index.php\/wp-json\/wp\/v2\/posts\/254460\/revisions\/254462"}],"wp:featuredmedia":[{"embeddable":true,"href":"https:\/\/corrientesdetarde.com\/index.php\/wp-json\/wp\/v2\/media\/254461"}],"wp:attachment":[{"href":"https:\/\/corrientesdetarde.com\/index.php\/wp-json\/wp\/v2\/media?parent=254460"}],"wp:term":[{"taxonomy":"category","embeddable":true,"href":"https:\/\/corrientesdetarde.com\/index.php\/wp-json\/wp\/v2\/categories?post=254460"},{"taxonomy":"post_tag","embeddable":true,"href":"https:\/\/corrientesdetarde.com\/index.php\/wp-json\/wp\/v2\/tags?post=254460"}],"curies":[{"name":"wp","href":"https:\/\/api.w.org\/{rel}","templated":true}]}}