{"id":254463,"date":"2026-04-29T15:21:40","date_gmt":"2026-04-29T18:21:40","guid":{"rendered":"https:\/\/corrientesdetarde.com\/?p=254463"},"modified":"2026-04-29T15:21:52","modified_gmt":"2026-04-29T18:21:52","slug":"la-unne-aprobo-la-creacion-de-la-carrera-de-licenciatura-en-trabajo-social","status":"publish","type":"post","link":"https:\/\/corrientesdetarde.com\/index.php\/destacados\/la-unne-aprobo-la-creacion-de-la-carrera-de-licenciatura-en-trabajo-social\/","title":{"rendered":"La UNNE aprob\u00f3 la creaci\u00f3n de la carrera de Licenciatura en Trabajo Social"},"content":{"rendered":"\n<p>Fruto de un trabajo articulado entre la Facultad de Humanidades y entidades profesionales de las provincias de Chaco, Corrientes y Formosa, el Consejo Superior de la UNNE aprob\u00f3 la creaci\u00f3n de la carrera de grado \u00abLicenciatura en Trabajo Social\u00bb, modalidad a distancia, que contar\u00e1 un t\u00edtulo intermedio de \u00abTecnicatura en Formulaci\u00f3n de Proyectos Sociales\u00bb. Resaltaron que la nueva carrera permitir\u00e1 \u00abjerarquizar\u00bb la formaci\u00f3n profesional en toda la regi\u00f3n.<\/p>\n\n\n\n<p>La nueva carrera ya hab\u00eda sido aprobada a finales del a\u00f1o pasado por parte del Consejo Directivo de la Facultad de Humanidades, y ahora logr\u00f3 el aval de forma un\u00e1nime por parte del Consejo Superior.<\/p>\n\n\n\n<p><strong>Ser\u00e1 una oferta acad\u00e9mica mayoritariamente a distancia, con algunos m\u00f3dulos en modalidad presencial,<\/strong>&nbsp;que ofrecer\u00e1 un t\u00edtulo de pre-grado de \u00abTecnicatura Universitaria en Formulaci\u00f3n de Proyectos Sociales\u00bb planificada para ser cursada en 3 a\u00f1os, y el t\u00edtulo de grado de \u00abLicenciatura en Trabajo Social\u00bb, estructurada para ser cursada en 5 a\u00f1os.<\/p>\n\n\n\n<p>El plan de estudios propuesto contempla un abanico de asignaturas vinculadas a las ciencias humanas y sociales, con un total de 34 unidades curriculares totales entre obligatorias y optativas, en tanto que para el t\u00edtulo intermedio son 21 unidades.<\/p>\n\n\n\n<p>La carga horaria total de la Tecnicatura ser\u00e1 de 1.542 horas reloj, mientras que la Licenciatura en Trabajo Social comprende un total de 2586 horas.<\/p>\n\n\n\n<p><em>\u00abEstamos muy contentos de sumar esta carrera a la UNNE\u00bb<\/em>, resalt\u00f3 la Decana de la Facultad de Humanidades de la UNNE,&nbsp;<strong>Prof. Graciela Beatriz Guarino<\/strong>.<\/p>\n\n\n\n<p>Coment\u00f3 que surgi\u00f3 de una iniciativa presentada a la Facultad por parte de los colegios profesionales de trabajadores sociales de Chaco y Corrientes, y del Consejo Profesional de Asistentes Sociales de Formosa, quienes manifestaron la necesidad de jerarquizar su formaci\u00f3n de base para la intervenci\u00f3n social con una carrera universitaria.<\/p>\n\n\n\n<p>En las provincias antes mencionadas las instancias de formaci\u00f3n disponibles son de car\u00e1cter terciario, requiriendo instancias de ciclos complementarios para lograr la formaci\u00f3n de grado en universidades de otras provincias. En el NEA la \u00fanica opci\u00f3n acad\u00e9mica la desarrolla la Universidad Nacional de Misiones de manera presencial.<\/p>\n\n\n\n<p>\u00abLa Licenciatura&nbsp;en Trabajo Social no s\u00f3lo aspira a ser una propuesta acad\u00e9mica para la formaci\u00f3n de perfiles profesionales con excelencia y s\u00f3lida base \u00e9tica, tambi\u00e9n busca posicionar a nuestra Universidad como un actor central en la gesti\u00f3n de pol\u00edticas p\u00fablicas que mejoren la calidad de vida de los ciudadanos\u00bb, se\u00f1al\u00f3 la Decana.<\/p>\n\n\n\n<p>Agreg\u00f3 que \u00aben el escenario de la complejidad social que transitamos y de constante vulneraci\u00f3n de derechos colectivos, la formaci\u00f3n de profesionales que intervengan en el territorio para diagnosticar, analizar e investigar carencias sociales, asistiendo, manejando conflictos y ejerciendo mediaci\u00f3n es nuestra responsabilidad como instituci\u00f3n de estudios superiores\u00bb.<\/p>\n\n\n\n<p>La Prof. Guarino&nbsp;<strong>resalt\u00f3 la labor del equipo de profesionales de Trabajo Social que trabajaron de manera colaborativa con la Subsecretar\u00eda de Asuntos Acad\u00e9micos<\/strong>&nbsp;<strong>de la Facultad,<\/strong>&nbsp;a cargo de la Prof. Claudia Beatriz Gonz\u00e1lez, en los distintos espacios de trabajo y acciones que permitieron llegar a los acuerdos necesarios para el dise\u00f1o de una propuesta de excelencia.<\/p>\n\n\n\n<p>Para concluir, expuso su satisfacci\u00f3n de poder cerrar su gesti\u00f3n a cargo del Decanato de la Facultad de Humanidades y su participaci\u00f3n en el Consejo Superior de la UNNE con la aprobaci\u00f3n de la Licenciatura en Trabajo Social.<\/p>\n\n\n\n<p><strong>&#8220;Una deuda hist\u00f3rica para la regi\u00f3n&#8221;<\/strong><\/p>\n\n\n\n<p>En la Sesi\u00f3n del Consejo Superior estuvieron presentes representantes del Colegio de Profesionales de Trabajo Social del Chaco, el Colegio de Trabajadores Sociales de la Provincia de Corrientes y el Consejo Profesional de Asistentes Sociales de la Provincia de Formosa, quienes celebraron la decisi\u00f3n de creaci\u00f3n de la nueva carrera.<\/p>\n\n\n\n<p><strong>\u00abLa Licenciatura en Trabajo Social permite saldar una deuda hist\u00f3rica para la regi\u00f3n y el pa\u00eds\u00bb<\/strong>, destac\u00f3 Karina Ojeda, directiva del Colegio de Profesionales de Trabajo Social del Chaco y vicepresidenta de la Federaci\u00f3n Argentina de Asociaciones Profesionales del Servicio Social, entidad que nuclea a 25 colegios profesionales del pa\u00eds.<\/p>\n\n\n\n<p>Se\u00f1al\u00f3 que es un gran benepl\u00e1cito la aprobaci\u00f3n de la nueva carrera, a 12 a\u00f1os de la sanci\u00f3n de la Ley de Trabajo Social, N\u00b027.072, que plantea jerarquizar la profesi\u00f3n y que quienes ejerzan el trabajo en el territorio sean licenciados y\/o licenciadas en Trabajo Social, pero Corrientes, Chaco y Formosa eran las \u00fanicas provincias del pa\u00eds que no contaban con opciones formativas de grado universitario.<\/p>\n\n\n\n<p>Consider\u00f3 que&nbsp;<strong>\u00abahora podemos decir que a futuro tendremos profesionales que ejerzan en territorio y en las instituciones\u00bb<\/strong>&nbsp;y agreg\u00f3 que la alianza que vienen concretando entre las organizaciones ahora se fortalecer\u00e1 con la participaci\u00f3n de la Universidad, y en beneficio de toda la sociedad que contar\u00e1 con profesionales con formaci\u00f3n de m\u00e1xima calidad.<\/p>\n\n\n\n<p>\u00abEn nombre de las organizaciones del pa\u00eds y en especial de los colegios y consejos profesionales Chaco, Corrientes y Formosa agradecemos la aprobaci\u00f3n de la nueva carrera de grado, que es algo hist\u00f3rico\u00bb, finaliz\u00f3.<\/p>\n\n\n\n<p>Por su parte, el Rector de la UNNE destac\u00f3 el esfuerzo realizado para el dise\u00f1o de la Licenciatura en Trabajo Social y se\u00f1al\u00f3 que el gran desaf\u00edo es comprometer el esfuerzo para el financiamiento de la flamante carrera de grado.<\/p>\n\n\n\n<figure class=\"wp-block-image\"><img decoding=\"async\" src=\"https:\/\/www.radiodos.com.ar\/content\/bucket\/6\/284766w790h527c.jpg.webp\" alt=\"\"\/><\/figure>\n\n\n\n<p><strong>Pertinencia de la carrera<\/strong><\/p>\n\n\n\n<p>S\u00f3lo tomando los datos aportados por los Colegios profesionales de Corrientes y Chaco, se estima que cerca de 2.200 Trabajadoras\/es Sociales se encuentran ejerciendo la profesi\u00f3n, por lo que se considera que la nueva carrera tendr\u00e1 gran demanda cuando empiece a dictarse.<\/p>\n\n\n\n<p>En esa l\u00ednea, en los fundamentos del proyecto de creaci\u00f3n de la carrera, se menciona una tendencia creciente hacia la mayor calidad educativa en la formaci\u00f3n profesional en Trabajo Social, incorporando la carrera al sistema universitario, aunque en las provincias de Chaco, Corrientes y Formosa a\u00fan no se hab\u00eda avanzado en este sentido.<\/p>\n\n\n\n<p>Incluso muchos pa\u00edses de Latinoam\u00e9rica, Norteam\u00e9rica y la Comunidad Europea no cuentan con unidades de formaci\u00f3n terciaria en Trabajo Social, siendo una oferta exclusivamente universitaria.<\/p>\n\n\n\n<p>Al respecto, se destaca que \u00abincorporar la carrera en el \u00e1mbito universitario y de la Facultad de Humanidades de la UNNE en particular, coloca al Trabajo Social en un lugar privilegiado de interlocuci\u00f3n con otras disciplinas y alienta la construcci\u00f3n de pr\u00e1cticas de investigaci\u00f3n social ya que las mismas constituyen una de las funciones inherentes a la vida universitaria\u00bb.<\/p>\n\n\n\n<p>Asimismo, se considera que la creaci\u00f3n de la carrera de Trabajo Social en la UNNE permitir\u00e1 promover la formaci\u00f3n de profesionales en el territorio regional del NEA, con excelencia universitaria y capacidades de reflexi\u00f3n te\u00f3rico- metodol\u00f3gicas para intervenir sobre las problem\u00e1ticas sociales, desde una perspectiva cr\u00edtica, de g\u00e9nero y decolonial centrada en la realidad local, nacional y regional.<\/p>\n\n\n\n<p>En ese marco, se proyecta formar en la UNNE profesionales capaces de construir estrategias de intervenci\u00f3n social sobre las diversas manifestaciones de la cuesti\u00f3n social que afectan las condiciones de reproducci\u00f3n material y social de nuestra poblaci\u00f3n.<\/p>\n\n\n\n<p><strong>Perfil del T\u00edtulo<\/strong><\/p>\n\n\n\n<p>En cuanto al perfil del profesional de la nueva carrera, se resalta que las nuevas modalidades de intervenci\u00f3n, y el desarrollo de las pol\u00edticas sociales requieren de profesionales con s\u00f3lidas herramientas te\u00f3ricas metodol\u00f3gicas para conocer, entender e investigar las problem\u00e1ticas vinculadas a la &#8220;cuesti\u00f3n social&#8221; en su contexto, y con capacidades para planificar, dise\u00f1ar y ejecutar las estrategias de intervenci\u00f3n social en el marco de las pol\u00edticas p\u00fablicas.<\/p>\n\n\n\n<p>Para ello, seg\u00fan los fundamentos de creaci\u00f3n de la flamante carrera de la UNNE, quien acceda al t\u00edtulo de \u00abT\u00e9cnico\/a Universitario\/a en Formulaci\u00f3n de Proyectos Sociales\u00bb dispondr\u00e1 de las facultades profesionales orientadas espec\u00edficamente a la formulaci\u00f3n de proyectos y\/o programas institucionales p\u00fablicos o privados que tengan como objetivo el desarrollo con inclusi\u00f3n social.<\/p>\n\n\n\n<p>En tanto, el t\u00edtulo de Licenciado\/a en Trabajo Social agrega a las competencias de la Tecnicatura un mayor campo de acci\u00f3n, proyect\u00e1ndose a todo tipo de instituci\u00f3n o iniciativa social que tenga como objetivo tanto asistir en situaciones de carencia, emergencia social como de mejora de la calidad de vida de la poblaci\u00f3n.<\/p>\n\n\n\n<p>Adem\u00e1s del asesoramiento y\/o planificaci\u00f3n, quien finalice la Licenciatura en Trabajo Social podr\u00e1 participar o conducir investigaciones por s\u00ed o en el marco de servicios, proyectos y\/o programas institucionales p\u00fablicos o privados que tengan como objetivo el desarrollo con inclusi\u00f3n social.<\/p>\n","protected":false},"excerpt":{"rendered":"<p>Fruto de un trabajo articulado entre la Facultad de Humanidades y entidades profesionales de las provincias de Chaco, Corrientes y Formosa, el Consejo Superior de la UNNE aprob\u00f3 la creaci\u00f3n&hellip; <\/p>\n","protected":false},"author":4,"featured_media":254464,"comment_status":"closed","ping_status":"open","sticky":false,"template":"","format":"standard","meta":{"footnotes":""},"categories":[26],"tags":[],"class_list":["post-254463","post","type-post","status-publish","format-standard","has-post-thumbnail","hentry","category-destacados"],"_links":{"self":[{"href":"https:\/\/corrientesdetarde.com\/index.php\/wp-json\/wp\/v2\/posts\/254463","targetHints":{"allow":["GET"]}}],"collection":[{"href":"https:\/\/corrientesdetarde.com\/index.php\/wp-json\/wp\/v2\/posts"}],"about":[{"href":"https:\/\/corrientesdetarde.com\/index.php\/wp-json\/wp\/v2\/types\/post"}],"author":[{"embeddable":true,"href":"https:\/\/corrientesdetarde.com\/index.php\/wp-json\/wp\/v2\/users\/4"}],"replies":[{"embeddable":true,"href":"https:\/\/corrientesdetarde.com\/index.php\/wp-json\/wp\/v2\/comments?post=254463"}],"version-history":[{"count":1,"href":"https:\/\/corrientesdetarde.com\/index.php\/wp-json\/wp\/v2\/posts\/254463\/revisions"}],"predecessor-version":[{"id":254465,"href":"https:\/\/corrientesdetarde.com\/index.php\/wp-json\/wp\/v2\/posts\/254463\/revisions\/254465"}],"wp:featuredmedia":[{"embeddable":true,"href":"https:\/\/corrientesdetarde.com\/index.php\/wp-json\/wp\/v2\/media\/254464"}],"wp:attachment":[{"href":"https:\/\/corrientesdetarde.com\/index.php\/wp-json\/wp\/v2\/media?parent=254463"}],"wp:term":[{"taxonomy":"category","embeddable":true,"href":"https:\/\/corrientesdetarde.com\/index.php\/wp-json\/wp\/v2\/categories?post=254463"},{"taxonomy":"post_tag","embeddable":true,"href":"https:\/\/corrientesdetarde.com\/index.php\/wp-json\/wp\/v2\/tags?post=254463"}],"curies":[{"name":"wp","href":"https:\/\/api.w.org\/{rel}","templated":true}]}}