{"id":254466,"date":"2026-04-29T15:27:46","date_gmt":"2026-04-29T18:27:46","guid":{"rendered":"https:\/\/corrientesdetarde.com\/?p=254466"},"modified":"2026-04-29T15:27:58","modified_gmt":"2026-04-29T18:27:58","slug":"buscan-una-familia-para-star-un-nino-de-10-anos-con-autismo","status":"publish","type":"post","link":"https:\/\/corrientesdetarde.com\/index.php\/sociales\/buscan-una-familia-para-star-un-nino-de-10-anos-con-autismo\/","title":{"rendered":"Buscan una familia para &#8220;Star&#8221;, un ni\u00f1o de 10 a\u00f1os con autismo"},"content":{"rendered":"\n<p>Al cierre de abril, mes de concientizaci\u00f3n sobre el Trastorno del Espectro Autista (TEA), el Juzgado de Familia, Ni\u00f1ez y Adolescencia N\u00ba 5 de Corrientes renov\u00f3 la convocatoria p\u00fablica de adopci\u00f3n para &#8220;Star&#8221;, un ni\u00f1o de 10 a\u00f1os que espera una familia.<\/p>\n\n\n\n<h4 class=\"wp-block-heading\">El Juzgado de Familia N\u00ba 5 renov\u00f3 el llamado para garantizar su derecho a vivir en familia. El ni\u00f1o \u2014cuyo nombre es ficticio para resguardar su identidad\u2014 vive desde hace m\u00e1s de dos a\u00f1os en un dispositivo de cuidado alternativo. Su situaci\u00f3n impuls\u00f3 no solo la b\u00fasqueda de un hogar, sino tambi\u00e9n un proceso de reflexi\u00f3n dentro del Poder Judicial sobre c\u00f3mo acompa\u00f1ar de manera adecuada a ni\u00f1os con autismo.<\/h4>\n\n\n\n<p>El juez a cargo, Edgardo Enrique Frutos, se\u00f1al\u00f3 que uno de los principales desaf\u00edos fue incorporar herramientas espec\u00edficas para comprender el TEA, entendiendo que implica una forma distinta de percibir y vincularse con el entorno.<\/p>\n\n\n\n<p>Actualmente, Star es un ni\u00f1o curioso, activo y con ganas de aprender. Con acompa\u00f1amiento adecuado y pautas claras, logra incorporar h\u00e1bitos, enfrentar nuevos desaf\u00edos y avanzar en su desarrollo. Disfruta del juego, se vincula con adultos y otros ni\u00f1os, y en contextos de contenci\u00f3n puede sostener la atenci\u00f3n y participar en distintas actividades.<\/p>\n\n\n\n<p>Asiste a espacios de apoyo escolar, psicopedagog\u00eda y estimulaci\u00f3n, donde trabaja el lenguaje, la regulaci\u00f3n emocional y las habilidades sociales. Tambi\u00e9n participa en actividades recreativas como nataci\u00f3n y gimnasia, que favorecen su bienestar.<\/p>\n\n\n\n<p>Desde el Juzgado destacaron que necesita una familia que le brinde afecto, estabilidad y acompa\u00f1amiento cotidiano, respetando sus tiempos y potenciando sus capacidades, para que pueda crecer en un entorno de cuidado.<\/p>\n\n\n\n<p>La convocatoria sigue abierta con un objetivo central: garantizar su derecho a vivir en familia.<\/p>\n\n\n\n<p>En paralelo, se record\u00f3 que quienes no puedan asumir un proyecto adoptivo pueden sumarse al programa de Familias Recreativas, una propuesta que permite generar v\u00ednculos significativos con ni\u00f1os que viven en dispositivos de cuidado, sin fines adoptivos.<\/p>\n\n\n\n<figure class=\"wp-block-image\"><img decoding=\"async\" src=\"https:\/\/www.radiodos.com.ar\/content\/bucket\/4\/284714w301h169c.png.webp\" alt=\"\"\/><\/figure>\n\n\n\n<p><strong>\u00bfC\u00f3mo postularse?<\/strong><\/p>\n\n\n\n<p>Las personas interesadas deber\u00e1n completar el Formulario de Convocatorias P\u00fablicas disponible en:<\/p>\n\n\n\n<figure class=\"wp-block-embed\"><div class=\"wp-block-embed__wrapper\">\nhttps:\/\/www.juscorrientes.gov.ar\/wp-content\/uploads\/rua-ctes\/pdf\/2019\/Formulario-Adopcion.pdf\n<\/div><\/figure>\n\n\n\n<p>Y enviarlo a:<\/p>\n\n\n\n<p>Juzgado de Familia, Ni\u00f1ez y Adolescencia N\u00ba 5 de la Provincia de Corrientes:<\/p>\n\n\n\n<p>Correo electr\u00f3nico:&nbsp;jfamilianya5-capital@juscorrientes.gov.ar<\/p>\n\n\n\n<p>Direcci\u00f3n: Pellegrini 917, 1.\u00ba piso (lunes a viernes de 7:00 a 13:00)<\/p>\n\n\n\n<p>Tel\u00e9fono: (379) 4104286<\/p>\n\n\n\n<p>Celular: 379 5150983<\/p>\n\n\n\n<p>Instagram: @juzgadofamilia5<\/p>\n\n\n\n<p>Tambi\u00e9n pueden comunicarse con el Registro \u00danico de Aspirantes a Guarda con Fines Adoptivos de Corrientes (RUACtes):<\/p>\n\n\n\n<p>registroadopcion@juscorrientes.gov.ar&nbsp;03794-4104298\ud83d\udccd Carlos Pellegrini N\u00ba 917 \u2013 Entrepiso.<\/p>\n","protected":false},"excerpt":{"rendered":"<p>Al cierre de abril, mes de concientizaci\u00f3n sobre el Trastorno del Espectro Autista (TEA), el Juzgado de Familia, Ni\u00f1ez y Adolescencia N\u00ba 5 de Corrientes renov\u00f3 la convocatoria p\u00fablica de&hellip; <\/p>\n","protected":false},"author":4,"featured_media":254467,"comment_status":"closed","ping_status":"open","sticky":false,"template":"","format":"standard","meta":{"footnotes":""},"categories":[17],"tags":[],"class_list":["post-254466","post","type-post","status-publish","format-standard","has-post-thumbnail","hentry","category-sociales"],"_links":{"self":[{"href":"https:\/\/corrientesdetarde.com\/index.php\/wp-json\/wp\/v2\/posts\/254466","targetHints":{"allow":["GET"]}}],"collection":[{"href":"https:\/\/corrientesdetarde.com\/index.php\/wp-json\/wp\/v2\/posts"}],"about":[{"href":"https:\/\/corrientesdetarde.com\/index.php\/wp-json\/wp\/v2\/types\/post"}],"author":[{"embeddable":true,"href":"https:\/\/corrientesdetarde.com\/index.php\/wp-json\/wp\/v2\/users\/4"}],"replies":[{"embeddable":true,"href":"https:\/\/corrientesdetarde.com\/index.php\/wp-json\/wp\/v2\/comments?post=254466"}],"version-history":[{"count":1,"href":"https:\/\/corrientesdetarde.com\/index.php\/wp-json\/wp\/v2\/posts\/254466\/revisions"}],"predecessor-version":[{"id":254468,"href":"https:\/\/corrientesdetarde.com\/index.php\/wp-json\/wp\/v2\/posts\/254466\/revisions\/254468"}],"wp:featuredmedia":[{"embeddable":true,"href":"https:\/\/corrientesdetarde.com\/index.php\/wp-json\/wp\/v2\/media\/254467"}],"wp:attachment":[{"href":"https:\/\/corrientesdetarde.com\/index.php\/wp-json\/wp\/v2\/media?parent=254466"}],"wp:term":[{"taxonomy":"category","embeddable":true,"href":"https:\/\/corrientesdetarde.com\/index.php\/wp-json\/wp\/v2\/categories?post=254466"},{"taxonomy":"post_tag","embeddable":true,"href":"https:\/\/corrientesdetarde.com\/index.php\/wp-json\/wp\/v2\/tags?post=254466"}],"curies":[{"name":"wp","href":"https:\/\/api.w.org\/{rel}","templated":true}]}}