{"id":254469,"date":"2026-04-29T16:24:25","date_gmt":"2026-04-29T19:24:25","guid":{"rendered":"https:\/\/corrientesdetarde.com\/?p=254469"},"modified":"2026-04-29T16:24:31","modified_gmt":"2026-04-29T19:24:31","slug":"silvana-aguirre-serantes-el-compromiso-es-con-todos-los-afiliados","status":"publish","type":"post","link":"https:\/\/corrientesdetarde.com\/index.php\/destacados\/silvana-aguirre-serantes-el-compromiso-es-con-todos-los-afiliados\/","title":{"rendered":"Silvana Aguirre Serantes: &#8220;El compromiso es con todos los afiliados&#8221;"},"content":{"rendered":"\n<p>La gerenta general del IOSCor, Silvana Aguirre Serantes, habl\u00f3 con Radio Dos sobre su nuevo rol al frente de la obra social de la provincia. &#8220;Trabajaremos con mucha voluntad y lineamientos claros, sabemos hacia donde tenemos que ir, es un desaf\u00edo personal muy grande&#8221;, remarc\u00f3 la flamante funcionaria y agreg\u00f3 que &#8220;de la mano de la modernizaci\u00f3n van a venir los cambios que m\u00e1s se van a ver a nivel social&#8221;.<\/p>\n\n\n\n<p>&#8220;Es un compromiso con todos los afiliados, con mucha voluntad y lineamientos claros, sabemos hacia donde tenemos que ir. Es un desaf\u00edo personal muy grande&#8221;,&nbsp; manifest\u00f3 la gerenta del IOSCor en declaraciones a Radio Dos y detall\u00f3 que la Obra Social provincial cuenta con 180 mil afiliados.<\/p>\n\n\n\n<p>Aguirre Serantes remarc\u00f3 adem\u00e1s que &#8220;de la mano de la modernizaci\u00f3n van a venir los cambios y lo m\u00e1s importante es que el afiliado va a poder tener un tiempo de espera reducido y que el IOSCor llegar\u00e1 al interior&#8221;.<\/p>\n\n\n\n<p>Al respecto, agreg\u00f3 que&nbsp; &#8220;los tr\u00e1mites van a ser menos burocr\u00e1ticos a trav\u00e9s de sistemas informativos y se est\u00e1 trabajando en eso&#8221;&nbsp; &nbsp;y agreg\u00f3 que&nbsp; &#8220;el afiliado va a tener una aplicaci\u00f3n donde va a poder realizar los tr\u00e1mites o consultas que necesita&#8221;.<\/p>\n\n\n\n<p>Finalmente, la gerenta del IOSCor, adelant\u00f3 sobre los cambios que&nbsp; &#8220;vamos a incorporar un departamento de prensa, porque es necesario dar conocimiento sobre lo que hace la Obra Social&#8221;.<\/p>\n","protected":false},"excerpt":{"rendered":"<p>La gerenta general del IOSCor, Silvana Aguirre Serantes, habl\u00f3 con Radio Dos sobre su nuevo rol al frente de la obra social de la provincia. &#8220;Trabajaremos con mucha voluntad y&hellip; <\/p>\n","protected":false},"author":4,"featured_media":254470,"comment_status":"closed","ping_status":"open","sticky":false,"template":"","format":"standard","meta":{"footnotes":""},"categories":[26],"tags":[],"class_list":["post-254469","post","type-post","status-publish","format-standard","has-post-thumbnail","hentry","category-destacados"],"_links":{"self":[{"href":"https:\/\/corrientesdetarde.com\/index.php\/wp-json\/wp\/v2\/posts\/254469","targetHints":{"allow":["GET"]}}],"collection":[{"href":"https:\/\/corrientesdetarde.com\/index.php\/wp-json\/wp\/v2\/posts"}],"about":[{"href":"https:\/\/corrientesdetarde.com\/index.php\/wp-json\/wp\/v2\/types\/post"}],"author":[{"embeddable":true,"href":"https:\/\/corrientesdetarde.com\/index.php\/wp-json\/wp\/v2\/users\/4"}],"replies":[{"embeddable":true,"href":"https:\/\/corrientesdetarde.com\/index.php\/wp-json\/wp\/v2\/comments?post=254469"}],"version-history":[{"count":1,"href":"https:\/\/corrientesdetarde.com\/index.php\/wp-json\/wp\/v2\/posts\/254469\/revisions"}],"predecessor-version":[{"id":254471,"href":"https:\/\/corrientesdetarde.com\/index.php\/wp-json\/wp\/v2\/posts\/254469\/revisions\/254471"}],"wp:featuredmedia":[{"embeddable":true,"href":"https:\/\/corrientesdetarde.com\/index.php\/wp-json\/wp\/v2\/media\/254470"}],"wp:attachment":[{"href":"https:\/\/corrientesdetarde.com\/index.php\/wp-json\/wp\/v2\/media?parent=254469"}],"wp:term":[{"taxonomy":"category","embeddable":true,"href":"https:\/\/corrientesdetarde.com\/index.php\/wp-json\/wp\/v2\/categories?post=254469"},{"taxonomy":"post_tag","embeddable":true,"href":"https:\/\/corrientesdetarde.com\/index.php\/wp-json\/wp\/v2\/tags?post=254469"}],"curies":[{"name":"wp","href":"https:\/\/api.w.org\/{rel}","templated":true}]}}