{"id":254472,"date":"2026-04-29T16:43:31","date_gmt":"2026-04-29T19:43:31","guid":{"rendered":"https:\/\/corrientesdetarde.com\/?p=254472"},"modified":"2026-04-29T16:43:37","modified_gmt":"2026-04-29T19:43:37","slug":"manuel-adorni-no-cometi-ningun-delito-y-voy-a-probarlo-en-la-justicia","status":"publish","type":"post","link":"https:\/\/corrientesdetarde.com\/index.php\/nacionales\/manuel-adorni-no-cometi-ningun-delito-y-voy-a-probarlo-en-la-justicia\/","title":{"rendered":"Manuel Adorni: &#8220;No comet\u00ed ning\u00fan delito y voy a probarlo en la justicia&#8221;"},"content":{"rendered":"\n<p>El jefe de Gabinete Manuel Adorni se presenta por primera vez en el Congreso para exponer y responder preguntas de legisladores.<\/p>\n\n\n\n<p>El jefe de Gabinete, Manuel Adorni , expuso este mi\u00e9rcoles su informe de gesti\u00f3n en la C\u00e1mara de Diputados. Durante la tensa sesi\u00f3n, el funcionario nacional aprovech\u00f3 la oportunidad para referirse directamente a su situaci\u00f3n judicial, rechazando enf\u00e1ticamente cualquier acusaci\u00f3n vinculada al presunto enriquecimiento il\u00edcito y defendiendo su patrimonio personal.<\/p>\n\n\n\n<p>En su extensa alocuci\u00f3n, el funcionario explic\u00f3 detalladamente la presencia de su esposa, Bettina Angeletti, en la comitiva oficial que viaj\u00f3 junto a Javier Milei rumbo a Nueva York. Aclar\u00f3 que ella regres\u00f3 en un vuelo comercial a mediados de marzo y subray\u00f3 que la causa ya fue archivada por la Justicia al comprobarse que no existi\u00f3 ning\u00fan gasto de vi\u00e1ticos, alojamiento o comida financiado por el Estado Nacional.<\/p>\n\n\n\n<p>&#8220;Se concluy\u00f3 que la documentaci\u00f3n vinculada a los manifiestos de vuelos no representa ninguna irregularidad&#8221;, destac\u00f3 el vocero. Adem\u00e1s, acus\u00f3 a la oposici\u00f3n de utilizar sus anteriores disculpas p\u00fablicas como una herramienta pol\u00edtica para intentar obstaculizar la normal gesti\u00f3n del Gobierno, asegurando que &#8220;cuando se le permite a la Justicia actuar, se caen las operaciones pol\u00edticas&#8221;.<\/p>\n\n\n\n<p><strong>Las declaraciones sobre el patrimonio y los gastos privados<\/strong><\/p>\n\n\n\n<p>Por otra parte, pidi\u00f3 separar estrictamente sus finanzas personales de los actos de gobierno. &#8220;Quiero dejar en claro que he afrontado yo mismo los pagos de todos los viajes que realic\u00e9 con mi familia&#8221;, asever\u00f3 firmemente, calificando de tendenciosas y absolutamente falsas las recientes versiones p\u00fablicas sobre un supuesto financiamiento irregular a trav\u00e9s de terceros.<\/p>\n\n\n\n<p>Finalmente, se comprometi\u00f3 a presentar su nueva declaraci\u00f3n jurada integral antes del vencimiento del pr\u00f3ximo 31 de julio y volvi\u00f3 a desmentir la existencia de contrataciones irregulares en los medios p\u00fablicos o beneficios para su c\u00f3nyuge. Fiel a su estilo, cerr\u00f3 su mensaje apuntando contra la gesti\u00f3n anterior: &#8220;Los funcionarios anteriores hoy cuentan con condenas firmes y simulan igualdad de condiciones. No comet\u00ed ning\u00fan delito y voy a probarlo en la Justicia&#8221;.<\/p>\n\n\n\n<figure class=\"wp-block-embed is-type-video is-provider-youtube wp-block-embed-youtube wp-embed-aspect-16-9 wp-has-aspect-ratio\"><div class=\"wp-block-embed__wrapper\">\n<iframe loading=\"lazy\" title=\"Informe de Gesti\u00f3n 2026 - Jefe de Gabinete Manuel Adorni con presencia del Presidente Javier Milei\" width=\"1110\" height=\"624\" src=\"https:\/\/www.youtube.com\/embed\/ktcxmDcXcvk?feature=oembed\" frameborder=\"0\" allow=\"accelerometer; autoplay; clipboard-write; encrypted-media; gyroscope; picture-in-picture; web-share\" referrerpolicy=\"strict-origin-when-cross-origin\" allowfullscreen><\/iframe>\n<\/div><\/figure>\n","protected":false},"excerpt":{"rendered":"<p>El jefe de Gabinete Manuel Adorni se presenta por primera vez en el Congreso para exponer y responder preguntas de legisladores. El jefe de Gabinete, Manuel Adorni , expuso este&hellip; <\/p>\n","protected":false},"author":4,"featured_media":254473,"comment_status":"closed","ping_status":"open","sticky":false,"template":"","format":"standard","meta":{"footnotes":""},"categories":[10],"tags":[],"class_list":["post-254472","post","type-post","status-publish","format-standard","has-post-thumbnail","hentry","category-nacionales"],"_links":{"self":[{"href":"https:\/\/corrientesdetarde.com\/index.php\/wp-json\/wp\/v2\/posts\/254472","targetHints":{"allow":["GET"]}}],"collection":[{"href":"https:\/\/corrientesdetarde.com\/index.php\/wp-json\/wp\/v2\/posts"}],"about":[{"href":"https:\/\/corrientesdetarde.com\/index.php\/wp-json\/wp\/v2\/types\/post"}],"author":[{"embeddable":true,"href":"https:\/\/corrientesdetarde.com\/index.php\/wp-json\/wp\/v2\/users\/4"}],"replies":[{"embeddable":true,"href":"https:\/\/corrientesdetarde.com\/index.php\/wp-json\/wp\/v2\/comments?post=254472"}],"version-history":[{"count":1,"href":"https:\/\/corrientesdetarde.com\/index.php\/wp-json\/wp\/v2\/posts\/254472\/revisions"}],"predecessor-version":[{"id":254474,"href":"https:\/\/corrientesdetarde.com\/index.php\/wp-json\/wp\/v2\/posts\/254472\/revisions\/254474"}],"wp:featuredmedia":[{"embeddable":true,"href":"https:\/\/corrientesdetarde.com\/index.php\/wp-json\/wp\/v2\/media\/254473"}],"wp:attachment":[{"href":"https:\/\/corrientesdetarde.com\/index.php\/wp-json\/wp\/v2\/media?parent=254472"}],"wp:term":[{"taxonomy":"category","embeddable":true,"href":"https:\/\/corrientesdetarde.com\/index.php\/wp-json\/wp\/v2\/categories?post=254472"},{"taxonomy":"post_tag","embeddable":true,"href":"https:\/\/corrientesdetarde.com\/index.php\/wp-json\/wp\/v2\/tags?post=254472"}],"curies":[{"name":"wp","href":"https:\/\/api.w.org\/{rel}","templated":true}]}}