{"id":254475,"date":"2026-04-29T16:47:06","date_gmt":"2026-04-29T19:47:06","guid":{"rendered":"https:\/\/corrientesdetarde.com\/?p=254475"},"modified":"2026-04-29T16:47:12","modified_gmt":"2026-04-29T19:47:12","slug":"obrero-oriundo-de-corrientes-fallecio-en-accidente-laboral-en-entre-rios","status":"publish","type":"post","link":"https:\/\/corrientesdetarde.com\/index.php\/policiales\/obrero-oriundo-de-corrientes-fallecio-en-accidente-laboral-en-entre-rios\/","title":{"rendered":"Obrero oriundo de Corrientes falleci\u00f3 en accidente laboral en Entre R\u00edos"},"content":{"rendered":"\n<p>Un trabajador oriundo de Curuz\u00fa Cuati\u00e1 falleci\u00f3 hoy en el Parque Industrial de Paran\u00e1 tras sufrir un terrible accidente laboral. Se trata de Gerardo Taborda, un correntino de 48 a\u00f1os que se encontraba prestando servicios en el lugar. El cami\u00f3n que conduc\u00eda volc\u00f3 cuando descargaba piedras en una empresa hormigonera<\/p>\n\n\n\n<p>El lamentable episodio sucedi\u00f3 este mi\u00e9rcoles por la ma\u00f1ana, alrededor de las 7.50, en el predio de la empresa Demartin Hormigonera, ubicada en el Parque Industrial de la capital entrerriana.<\/p>\n\n\n\n<p>De acuerdo a las primeras reconstrucciones del siniestro, la tragedia se desencaden\u00f3 cuando un cami\u00f3n se habr\u00eda dado vuelta mientras descargaba material y el operario habr\u00eda quedado atrapado debajo del veh\u00edculo pesado.<\/p>\n\n\n\n<p>Ante la gravedad de la situaci\u00f3n, tom\u00f3 r\u00e1pida intervenci\u00f3n el personal de la Comisar\u00eda 15\u00b0. Al llegar al lugar de los hechos, los efectivos policiales solicitaron de urgencia dos ambulancias, ya que adem\u00e1s del fallecido, hay otra persona lesionada, una mujer de 28 a\u00f1os que est\u00e1 fuera de peligro.<\/p>\n\n\n\n<p>En estos momentos, el personal policial y las \u00e1reas correspondientes contin\u00faan trabajando en la zona, realizando las pericias de rigor para determinar las causas exactas que provocaron el vuelco y el posterior desenlace fatal.<\/p>\n","protected":false},"excerpt":{"rendered":"<p>Un trabajador oriundo de Curuz\u00fa Cuati\u00e1 falleci\u00f3 hoy en el Parque Industrial de Paran\u00e1 tras sufrir un terrible accidente laboral. Se trata de Gerardo Taborda, un correntino de 48 a\u00f1os&hellip; <\/p>\n","protected":false},"author":4,"featured_media":254476,"comment_status":"closed","ping_status":"open","sticky":false,"template":"","format":"standard","meta":{"footnotes":""},"categories":[33],"tags":[],"class_list":["post-254475","post","type-post","status-publish","format-standard","has-post-thumbnail","hentry","category-policiales"],"_links":{"self":[{"href":"https:\/\/corrientesdetarde.com\/index.php\/wp-json\/wp\/v2\/posts\/254475","targetHints":{"allow":["GET"]}}],"collection":[{"href":"https:\/\/corrientesdetarde.com\/index.php\/wp-json\/wp\/v2\/posts"}],"about":[{"href":"https:\/\/corrientesdetarde.com\/index.php\/wp-json\/wp\/v2\/types\/post"}],"author":[{"embeddable":true,"href":"https:\/\/corrientesdetarde.com\/index.php\/wp-json\/wp\/v2\/users\/4"}],"replies":[{"embeddable":true,"href":"https:\/\/corrientesdetarde.com\/index.php\/wp-json\/wp\/v2\/comments?post=254475"}],"version-history":[{"count":1,"href":"https:\/\/corrientesdetarde.com\/index.php\/wp-json\/wp\/v2\/posts\/254475\/revisions"}],"predecessor-version":[{"id":254477,"href":"https:\/\/corrientesdetarde.com\/index.php\/wp-json\/wp\/v2\/posts\/254475\/revisions\/254477"}],"wp:featuredmedia":[{"embeddable":true,"href":"https:\/\/corrientesdetarde.com\/index.php\/wp-json\/wp\/v2\/media\/254476"}],"wp:attachment":[{"href":"https:\/\/corrientesdetarde.com\/index.php\/wp-json\/wp\/v2\/media?parent=254475"}],"wp:term":[{"taxonomy":"category","embeddable":true,"href":"https:\/\/corrientesdetarde.com\/index.php\/wp-json\/wp\/v2\/categories?post=254475"},{"taxonomy":"post_tag","embeddable":true,"href":"https:\/\/corrientesdetarde.com\/index.php\/wp-json\/wp\/v2\/tags?post=254475"}],"curies":[{"name":"wp","href":"https:\/\/api.w.org\/{rel}","templated":true}]}}