{"id":254495,"date":"2026-04-29T23:08:00","date_gmt":"2026-04-30T02:08:00","guid":{"rendered":"https:\/\/corrientesdetarde.com\/?p=254495"},"modified":"2026-04-29T23:08:02","modified_gmt":"2026-04-30T02:08:02","slug":"vuelco-e-incendio-de-un-camion-sobre-la-ruta-14-dos-muertos","status":"publish","type":"post","link":"https:\/\/corrientesdetarde.com\/index.php\/informacion-general\/vuelco-e-incendio-de-un-camion-sobre-la-ruta-14-dos-muertos\/","title":{"rendered":"Vuelco e incendio de un cami\u00f3n sobre la Ruta 14: dos muertos"},"content":{"rendered":"\n<p>Un siniestro vial entre un autom\u00f3vil y un cami\u00f3n se registr\u00f3 poco antes de las 16 de este mi\u00e9rcoles en la Ruta Nacional N\u00ba 14, a la altura del paraje Bichadero, en jurisdicci\u00f3n de Virasoro, provincia de Corrientes dejando dos v\u00edctimas fatales, una herida de gravedad y otra persona con lesiones leves.<\/p>\n\n\n\n<p>De acuerdo a las primeras informaciones difundidas por el medio local Ahora Virasoro, tras el impacto el cami\u00f3n termin\u00f3 volcado y envuelto en llamas, lo que gener\u00f3 preocupaci\u00f3n entre los vecinos de la zona.<\/p>\n\n\n\n<p>Por el momento, se aguardan mayores precisiones respecto al estado de las personas involucradas, as\u00ed como tambi\u00e9n sobre las causas que habr\u00edan originado el siniestro.<\/p>\n\n\n\n<p><strong>Parte oficial actualizado:<\/strong><\/p>\n\n\n\n<p>Se confirmaron dos personas fallecidas en el lugar, mientras que otras dos resultaron heridas: una de ellas en estado grave y la otra con lesiones leves.<\/p>\n","protected":false},"excerpt":{"rendered":"<p>Un siniestro vial entre un autom\u00f3vil y un cami\u00f3n se registr\u00f3 poco antes de las 16 de este mi\u00e9rcoles en la Ruta Nacional N\u00ba 14, a la altura del paraje&hellip; <\/p>\n","protected":false},"author":1,"featured_media":254496,"comment_status":"closed","ping_status":"open","sticky":false,"template":"","format":"standard","meta":{"footnotes":""},"categories":[1],"tags":[],"class_list":["post-254495","post","type-post","status-publish","format-standard","has-post-thumbnail","hentry","category-informacion-general"],"_links":{"self":[{"href":"https:\/\/corrientesdetarde.com\/index.php\/wp-json\/wp\/v2\/posts\/254495","targetHints":{"allow":["GET"]}}],"collection":[{"href":"https:\/\/corrientesdetarde.com\/index.php\/wp-json\/wp\/v2\/posts"}],"about":[{"href":"https:\/\/corrientesdetarde.com\/index.php\/wp-json\/wp\/v2\/types\/post"}],"author":[{"embeddable":true,"href":"https:\/\/corrientesdetarde.com\/index.php\/wp-json\/wp\/v2\/users\/1"}],"replies":[{"embeddable":true,"href":"https:\/\/corrientesdetarde.com\/index.php\/wp-json\/wp\/v2\/comments?post=254495"}],"version-history":[{"count":1,"href":"https:\/\/corrientesdetarde.com\/index.php\/wp-json\/wp\/v2\/posts\/254495\/revisions"}],"predecessor-version":[{"id":254499,"href":"https:\/\/corrientesdetarde.com\/index.php\/wp-json\/wp\/v2\/posts\/254495\/revisions\/254499"}],"wp:featuredmedia":[{"embeddable":true,"href":"https:\/\/corrientesdetarde.com\/index.php\/wp-json\/wp\/v2\/media\/254496"}],"wp:attachment":[{"href":"https:\/\/corrientesdetarde.com\/index.php\/wp-json\/wp\/v2\/media?parent=254495"}],"wp:term":[{"taxonomy":"category","embeddable":true,"href":"https:\/\/corrientesdetarde.com\/index.php\/wp-json\/wp\/v2\/categories?post=254495"},{"taxonomy":"post_tag","embeddable":true,"href":"https:\/\/corrientesdetarde.com\/index.php\/wp-json\/wp\/v2\/tags?post=254495"}],"curies":[{"name":"wp","href":"https:\/\/api.w.org\/{rel}","templated":true}]}}