{"id":254503,"date":"2026-04-30T07:58:19","date_gmt":"2026-04-30T10:58:19","guid":{"rendered":"https:\/\/corrientesdetarde.com\/?p=254503"},"modified":"2026-04-30T07:58:25","modified_gmt":"2026-04-30T10:58:25","slug":"la-49-fiesta-nacional-del-surubi-arranco-con-record-historico-de-participacion","status":"publish","type":"post","link":"https:\/\/corrientesdetarde.com\/index.php\/locales\/la-49-fiesta-nacional-del-surubi-arranco-con-record-historico-de-participacion\/","title":{"rendered":"La 49\u00b0 Fiesta Nacional del Surub\u00ed arranc\u00f3 con r\u00e9cord hist\u00f3rico de participaci\u00f3n"},"content":{"rendered":"\n<p><em>La largada de lanchas de este s\u00e1bado marcar\u00e1 el inicio oficial del torneo de pesca deportiva m\u00e1s convocante de Am\u00e9rica del Sur, en una edici\u00f3n r\u00e9cord que anticipa el gran festejo del cincuentenario.<\/em><\/p>\n\n\n\n<p>Con m\u00e1s de 1.400 equipos inscriptos \u2014la cifra m\u00e1s alta en sus 49 a\u00f1os de historia\u2014 la Fiesta Nacional del Surub\u00ed de Goya inaugur\u00f3 oficialmente su nueva edici\u00f3n el mi\u00e9rcoles por la noche en el predio Costa Surub\u00ed. El gobernador Juan Pablo Vald\u00e9s encabez\u00f3 el acto y anunci\u00f3 inversi\u00f3n provincial para ampliar la infraestructura del evento, de cara a lo que el a\u00f1o pr\u00f3ximo ser\u00e1 la edici\u00f3n de las Bodas de Oro.<\/p>\n\n\n\n<p>La largada de lanchas, prevista para este s\u00e1bado, convertir\u00e1 al Paran\u00e1 en el escenario de uno de los torneos de pesca deportiva m\u00e1s convocantes de Am\u00e9rica del Sur. A\u00f1o tras a\u00f1o, el certamen \u2014conocido popularmente como el Mundial de Pesca\u2014 atrae competidores de distintos puntos del pa\u00eds y del continente, consolidando a Goya como un destino de referencia en el calendario del turismo deportivo regional.<\/p>\n\n\n\n<p>&#8220;A este Mundial de Pesca los siguen haciendo ustedes, que le ponen pasi\u00f3n y alegr\u00eda y que nos permiten disfrutar de su ciudad y la pesca&#8221;, afirm\u00f3 Vald\u00e9s ante la multitud reunida en el escenario mayor &#8220;Juan Melero&#8221;. El mandatario reconoci\u00f3 que el crecimiento sostenido del evento exige infraestructura a la altura y confirm\u00f3 que el Estado provincial financiar\u00e1 la ampliaci\u00f3n del Galp\u00f3n del Surub\u00ed, el tradicional espacio donde se realiza la cena de cierre de los pescadores.<\/p>\n\n\n\n<p>El intendente de Goya, Mariano Hormaechea, destac\u00f3 el trabajo colectivo detr\u00e1s del certamen y agradeci\u00f3 el apoyo provincial a la organizaci\u00f3n. Por su parte, el presidente de la Comisi\u00f3n Municipal de Pescca (COMUPE), Ra\u00fal Gonz\u00e1lez Vilas, subray\u00f3 la dimensi\u00f3n que excede lo deportivo: &#8220;Esta fiesta m\u00e1s que un concurso de pesca es un encuentro de amigos, una celebraci\u00f3n de nuestra identidad y un tributo a la naturaleza que nos rodea&#8221;.<\/p>\n\n\n\n<p>El evento se desarrolla en paralelo con la 38\u00b0 Expo Goya, que este a\u00f1o re\u00fane m\u00e1s de 160 expositores entre propuestas comerciales, artesanales y gastron\u00f3micas, potenciando el impacto econ\u00f3mico sobre comerciantes y emprendedores de la regi\u00f3n. Gonz\u00e1lez Vilas tambi\u00e9n remarc\u00f3 el compromiso ambiental del certamen: la devoluci\u00f3n obligatoria del surub\u00ed al r\u00edo al t\u00e9rmino de la competencia lo posiciona como un modelo de pesca sustentable en la regi\u00f3n.<\/p>\n\n\n\n<p>El acto inaugural incluy\u00f3 la presentaci\u00f3n de la Reina de la Fiesta 2025, Juana Estefan\u00eda Aguirre, la recepci\u00f3n simb\u00f3lica de tres im\u00e1genes marianas como patronas del evento y la interpretaci\u00f3n de la Canci\u00f3n del Surub\u00ed por Oscar Mac\u00edas y Curup\u00ed, que encendi\u00f3 al p\u00fablico y cerr\u00f3 la noche con fuegos artificiales sobre el Paran\u00e1.<\/p>\n\n\n\n<p>Con cada edici\u00f3n que pasa, Goya demuestra que la Fiesta Nacional del Surub\u00ed es mucho m\u00e1s que una competencia: es la expresi\u00f3n m\u00e1s viva de una identidad cultural que el r\u00edo moldea hace casi medio siglo y que el a\u00f1o pr\u00f3ximo llegar\u00e1 a su celebraci\u00f3n m\u00e1s esperada.<\/p>\n\n\n\n<figure class=\"wp-block-image size-large\"><img loading=\"lazy\" decoding=\"async\" width=\"1024\" height=\"683\" src=\"https:\/\/corrientesdetarde.com\/wp-content\/uploads\/2026\/04\/image-631-1024x683.png\" alt=\"\" class=\"wp-image-254505\" srcset=\"https:\/\/corrientesdetarde.com\/wp-content\/uploads\/2026\/04\/image-631-1024x683.png 1024w, https:\/\/corrientesdetarde.com\/wp-content\/uploads\/2026\/04\/image-631-300x200.png 300w, https:\/\/corrientesdetarde.com\/wp-content\/uploads\/2026\/04\/image-631-768x512.png 768w, https:\/\/corrientesdetarde.com\/wp-content\/uploads\/2026\/04\/image-631-1536x1024.png 1536w, https:\/\/corrientesdetarde.com\/wp-content\/uploads\/2026\/04\/image-631.png 1599w\" sizes=\"auto, (max-width: 1024px) 100vw, 1024px\" \/><\/figure>\n\n\n\n<figure class=\"wp-block-image size-large\"><img loading=\"lazy\" decoding=\"async\" width=\"1024\" height=\"683\" src=\"https:\/\/corrientesdetarde.com\/wp-content\/uploads\/2026\/04\/image-632-1024x683.png\" alt=\"\" class=\"wp-image-254506\" srcset=\"https:\/\/corrientesdetarde.com\/wp-content\/uploads\/2026\/04\/image-632-1024x683.png 1024w, https:\/\/corrientesdetarde.com\/wp-content\/uploads\/2026\/04\/image-632-300x200.png 300w, https:\/\/corrientesdetarde.com\/wp-content\/uploads\/2026\/04\/image-632-768x512.png 768w, https:\/\/corrientesdetarde.com\/wp-content\/uploads\/2026\/04\/image-632-1536x1024.png 1536w, https:\/\/corrientesdetarde.com\/wp-content\/uploads\/2026\/04\/image-632.png 1599w\" sizes=\"auto, (max-width: 1024px) 100vw, 1024px\" \/><\/figure>\n","protected":false},"excerpt":{"rendered":"<p>La largada de lanchas de este s\u00e1bado marcar\u00e1 el inicio oficial del torneo de pesca deportiva m\u00e1s convocante de Am\u00e9rica del Sur, en una edici\u00f3n r\u00e9cord que anticipa el gran&hellip; <\/p>\n","protected":false},"author":8,"featured_media":254504,"comment_status":"closed","ping_status":"open","sticky":false,"template":"","format":"standard","meta":{"footnotes":""},"categories":[8],"tags":[],"class_list":["post-254503","post","type-post","status-publish","format-standard","has-post-thumbnail","hentry","category-locales"],"_links":{"self":[{"href":"https:\/\/corrientesdetarde.com\/index.php\/wp-json\/wp\/v2\/posts\/254503","targetHints":{"allow":["GET"]}}],"collection":[{"href":"https:\/\/corrientesdetarde.com\/index.php\/wp-json\/wp\/v2\/posts"}],"about":[{"href":"https:\/\/corrientesdetarde.com\/index.php\/wp-json\/wp\/v2\/types\/post"}],"author":[{"embeddable":true,"href":"https:\/\/corrientesdetarde.com\/index.php\/wp-json\/wp\/v2\/users\/8"}],"replies":[{"embeddable":true,"href":"https:\/\/corrientesdetarde.com\/index.php\/wp-json\/wp\/v2\/comments?post=254503"}],"version-history":[{"count":1,"href":"https:\/\/corrientesdetarde.com\/index.php\/wp-json\/wp\/v2\/posts\/254503\/revisions"}],"predecessor-version":[{"id":254507,"href":"https:\/\/corrientesdetarde.com\/index.php\/wp-json\/wp\/v2\/posts\/254503\/revisions\/254507"}],"wp:featuredmedia":[{"embeddable":true,"href":"https:\/\/corrientesdetarde.com\/index.php\/wp-json\/wp\/v2\/media\/254504"}],"wp:attachment":[{"href":"https:\/\/corrientesdetarde.com\/index.php\/wp-json\/wp\/v2\/media?parent=254503"}],"wp:term":[{"taxonomy":"category","embeddable":true,"href":"https:\/\/corrientesdetarde.com\/index.php\/wp-json\/wp\/v2\/categories?post=254503"},{"taxonomy":"post_tag","embeddable":true,"href":"https:\/\/corrientesdetarde.com\/index.php\/wp-json\/wp\/v2\/tags?post=254503"}],"curies":[{"name":"wp","href":"https:\/\/api.w.org\/{rel}","templated":true}]}}