{"id":254508,"date":"2026-04-30T08:12:24","date_gmt":"2026-04-30T11:12:24","guid":{"rendered":"https:\/\/corrientesdetarde.com\/?p=254508"},"modified":"2026-04-30T08:12:37","modified_gmt":"2026-04-30T11:12:37","slug":"dia-del-trabajador-habra-servicio-diferenciado-de-recoleccion-de-residuos-en-capital","status":"publish","type":"post","link":"https:\/\/corrientesdetarde.com\/index.php\/actualidad\/dia-del-trabajador-habra-servicio-diferenciado-de-recoleccion-de-residuos-en-capital\/","title":{"rendered":"D\u00eda del Trabajador: habr\u00e1 servicio diferenciado de recolecci\u00f3n de residuos en Capital"},"content":{"rendered":"\n<p>La recolecci\u00f3n de residuos domiciliarios tendr\u00e1 un esquema especial durante el jueves y viernes para evitar que las zonas en las que se divide la ciudad se queden sin servicio durante dos d\u00edas consecutivos. &nbsp;<\/p>\n\n\n\n<p>La Municipalidad de Corrientes comunic\u00f3 el funcionamiento de los servicios que brindan sus distintas dependencias para este&nbsp;<strong>viernes 1\u00b0 de mayo<\/strong>, feriado nacional por el D\u00eda del Trabajador.<\/p>\n\n\n\n<p>La Municipalidad de Corrientes inform\u00f3 que para evitar que cualquiera de las zonas en la que se divide la ciudad se quede sin recolecci\u00f3n de residuos durante dos d\u00edas, se dispuso un esquema especial de trabajo.<\/p>\n\n\n\n<p>As\u00ed,&nbsp;<strong>el jueves 30 de abril la prestaci\u00f3n diurna se cumplir\u00e1 normalmente<\/strong>, mientras que no habr\u00e1 servicio nocturno; en tanto que&nbsp;<strong>el viernes 1\u00b0 de mayo&nbsp;<\/strong>se invertir\u00e1 la prestaci\u00f3n:&nbsp;<strong>no habr\u00e1 recolecci\u00f3n diurna y se prestar\u00e1 la nocturna<\/strong>.<\/p>\n\n\n\n<p>Hay que sumar a esta situaci\u00f3n, que el pron\u00f3stico del tiempo indica la probabilidad de precipitaciones desde la madrugada de este jueves y para todo el viernes. Por ello,&nbsp;<strong>se recomienda especialmente no sacar residuos<\/strong>&nbsp;en los barrios donde la recolecci\u00f3n es diurna y mantener los desag\u00fces desbloqueados.<\/p>\n","protected":false},"excerpt":{"rendered":"<p>La recolecci\u00f3n de residuos domiciliarios tendr\u00e1 un esquema especial durante el jueves y viernes para evitar que las zonas en las que se divide la ciudad se queden sin servicio&hellip; <\/p>\n","protected":false},"author":8,"featured_media":254509,"comment_status":"closed","ping_status":"open","sticky":false,"template":"","format":"standard","meta":{"footnotes":""},"categories":[23],"tags":[],"class_list":["post-254508","post","type-post","status-publish","format-standard","has-post-thumbnail","hentry","category-actualidad"],"_links":{"self":[{"href":"https:\/\/corrientesdetarde.com\/index.php\/wp-json\/wp\/v2\/posts\/254508","targetHints":{"allow":["GET"]}}],"collection":[{"href":"https:\/\/corrientesdetarde.com\/index.php\/wp-json\/wp\/v2\/posts"}],"about":[{"href":"https:\/\/corrientesdetarde.com\/index.php\/wp-json\/wp\/v2\/types\/post"}],"author":[{"embeddable":true,"href":"https:\/\/corrientesdetarde.com\/index.php\/wp-json\/wp\/v2\/users\/8"}],"replies":[{"embeddable":true,"href":"https:\/\/corrientesdetarde.com\/index.php\/wp-json\/wp\/v2\/comments?post=254508"}],"version-history":[{"count":1,"href":"https:\/\/corrientesdetarde.com\/index.php\/wp-json\/wp\/v2\/posts\/254508\/revisions"}],"predecessor-version":[{"id":254510,"href":"https:\/\/corrientesdetarde.com\/index.php\/wp-json\/wp\/v2\/posts\/254508\/revisions\/254510"}],"wp:featuredmedia":[{"embeddable":true,"href":"https:\/\/corrientesdetarde.com\/index.php\/wp-json\/wp\/v2\/media\/254509"}],"wp:attachment":[{"href":"https:\/\/corrientesdetarde.com\/index.php\/wp-json\/wp\/v2\/media?parent=254508"}],"wp:term":[{"taxonomy":"category","embeddable":true,"href":"https:\/\/corrientesdetarde.com\/index.php\/wp-json\/wp\/v2\/categories?post=254508"},{"taxonomy":"post_tag","embeddable":true,"href":"https:\/\/corrientesdetarde.com\/index.php\/wp-json\/wp\/v2\/tags?post=254508"}],"curies":[{"name":"wp","href":"https:\/\/api.w.org\/{rel}","templated":true}]}}