{"id":254511,"date":"2026-04-30T08:40:43","date_gmt":"2026-04-30T11:40:43","guid":{"rendered":"https:\/\/corrientesdetarde.com\/?p=254511"},"modified":"2026-04-30T08:40:55","modified_gmt":"2026-04-30T11:40:55","slug":"nuevo-aumento-del-impuesto-a-los-combustibles-el-impacto-en-el-litro-de-nafta-y-gasoil-desde-el-1-de-mayo","status":"publish","type":"post","link":"https:\/\/corrientesdetarde.com\/index.php\/economia\/nuevo-aumento-del-impuesto-a-los-combustibles-el-impacto-en-el-litro-de-nafta-y-gasoil-desde-el-1-de-mayo\/","title":{"rendered":"Nuevo aumento del impuesto a los combustibles: el impacto en el litro de nafta y gasoil desde el 1 de mayo"},"content":{"rendered":"\n<p>Econom\u00eda resolvi\u00f3 aplicar manera parcial la actualizaci\u00f3n tributaria que hab\u00eda postergado en abril. Cu\u00e1l ser\u00e1 el traslado al surtidor.<\/p>\n\n\n\n<p>El Gobierno resolvi\u00f3<strong>&nbsp;aplicar parte de la actualizaci\u00f3n<\/strong>&nbsp;por inflaci\u00f3n del&nbsp;<strong>impuesto a los combustibles<\/strong>, que se traslada directo a los precios finales de las naftas y el gasoil en todo el pa\u00eds.<\/p>\n\n\n\n<p>Lo hizo mediante el decreto 302, publicado este jueves en el Bolet\u00edn Oficial. La norma posterga, adem\u00e1s, el grueso del incremento de los grav\u00e1menes sobre los combustibles que se comercializan en el pa\u00eds hasta el 1 de junio.<\/p>\n\n\n\n<p>La postergaci\u00f3n parcial de los aumentos se decidi\u00f3 \u201ccon el prop\u00f3sito de&nbsp;<strong>continuar estimulando el crecimiento de la econom\u00eda&nbsp;<\/strong>a trav\u00e9s de un&nbsp;<strong>sendero fiscal sostenible<\/strong>\u201d.<\/p>\n\n\n\n<p>El Ejecutivo hab\u00eda decidido\u00a0en abril aplazar la actualizaci\u00f3n de ese tributo,\u00a0tras el aumento de 25% que tuvieron los precios de las naftas y el gasoil como consecuencia del alza del petr\u00f3leo a nivel internacional por la guerra en Medio Oriente.<\/p>\n\n\n\n<p>En ese momento,\u00a0a las medidas del Gobierno\u00a0<strong>se acopl\u00f3 con el anuncio de YPF<\/strong>, seguido por el resto de las petroleras, de no trasladar el impacto de los precios internacionales hasta mediados de mayo.<\/p>\n\n\n\n<p>Ahora, con&nbsp;<strong>el petr\u00f3leo&nbsp;<\/strong>en torno a&nbsp;<strong>US$110&nbsp;<\/strong>-un valor similar al de inicios de abril-, la&nbsp;<strong>actualizaci\u00f3n impositiva,<\/strong>&nbsp;que sigue la evoluci\u00f3n trimestral del IPC, se efectivizar\u00e1 de manera parcial.<\/p>\n\n\n\n<p>Con el decreto publicado hoy, el Gobierno dej\u00f3 para el mes pr\u00f3ximo el aumento total del remanente pendiente de 2024 y los primeros tres trimestres de 2025, que el Ejecutivo ya viene dilatando hace meses.<\/p>\n\n\n\n<p>Es decir que a partir de este viernes 1, los combustibles subir\u00e1n por impuestos&nbsp;<strong>unos $11 el litro para el caso de las naftas y $9 para el litro del gasoil.<\/strong><\/p>\n\n\n\n<h2 class=\"wp-block-heading\">Qu\u00e9 pasar\u00e1 con el precio de las naftas y el gasoil en mayo<\/h2>\n\n\n\n<p>Las petroleras que operan en la Argentina mantienen un acuerdo\u00a0<strong>hasta el 16 de mayo\u00a0<\/strong>por el que\u00a0<strong>no trasladar\u00e1n las variaciones del petr\u00f3leo<\/strong>\u00a0internacional<strong>\u00a0a los precios finales<\/strong>\u00a0de sus productos.<\/p>\n\n\n\n<p>Fue una medida que busc\u00f3 contener el impacto econ\u00f3mico de la guerra y, en especial,\u00a0que no alimentara la inflaci\u00f3n, que cerr\u00f3 en marzo en 3,4% y el Gobierno aspira a que en abril haya quebrado la tendencia.<\/p>\n\n\n\n<p>Con ese convenio hasta mediados de mayo, las empresas&nbsp;<strong>s\u00ed trasladan&nbsp;<\/strong>al surtidor otros componentes, como pueden ser los<strong>&nbsp;biocombustibles o la actualizaci\u00f3n de los impuestos<\/strong>. En los \u00faltimos d\u00edas, hubo leves alzas en algunos combustibles, aunque las petroleras no informaron los motivos.<\/p>\n\n\n\n<p>En el sector, crece la expectativa sobre<strong>&nbsp;qu\u00e9 pasar\u00e1 en dos semanas<\/strong>. La extensi\u00f3n del conflicto en Medio Oriente y el bloqueo del estrecho de Ormuz hicieron que nuevamente&nbsp;<strong>el petr\u00f3leo<\/strong>&nbsp;superara los&nbsp;<strong>US$110.<\/strong><\/p>\n\n\n\n<p>En ese contexto, en el sector aseguran que los precios de l<strong>as naftas y el gasoil est\u00e1n atrasados hasta 15%<\/strong>&nbsp;respecto de la situaci\u00f3n preguerra, aun cuando en marzo saltaron hasta 25%.<\/p>\n","protected":false},"excerpt":{"rendered":"<p>Econom\u00eda resolvi\u00f3 aplicar manera parcial la actualizaci\u00f3n tributaria que hab\u00eda postergado en abril. Cu\u00e1l ser\u00e1 el traslado al surtidor. El Gobierno resolvi\u00f3&nbsp;aplicar parte de la actualizaci\u00f3n&nbsp;por inflaci\u00f3n del&nbsp;impuesto a los&hellip; <\/p>\n","protected":false},"author":8,"featured_media":254512,"comment_status":"closed","ping_status":"open","sticky":false,"template":"","format":"standard","meta":{"footnotes":""},"categories":[20],"tags":[],"class_list":["post-254511","post","type-post","status-publish","format-standard","has-post-thumbnail","hentry","category-economia"],"_links":{"self":[{"href":"https:\/\/corrientesdetarde.com\/index.php\/wp-json\/wp\/v2\/posts\/254511","targetHints":{"allow":["GET"]}}],"collection":[{"href":"https:\/\/corrientesdetarde.com\/index.php\/wp-json\/wp\/v2\/posts"}],"about":[{"href":"https:\/\/corrientesdetarde.com\/index.php\/wp-json\/wp\/v2\/types\/post"}],"author":[{"embeddable":true,"href":"https:\/\/corrientesdetarde.com\/index.php\/wp-json\/wp\/v2\/users\/8"}],"replies":[{"embeddable":true,"href":"https:\/\/corrientesdetarde.com\/index.php\/wp-json\/wp\/v2\/comments?post=254511"}],"version-history":[{"count":1,"href":"https:\/\/corrientesdetarde.com\/index.php\/wp-json\/wp\/v2\/posts\/254511\/revisions"}],"predecessor-version":[{"id":254513,"href":"https:\/\/corrientesdetarde.com\/index.php\/wp-json\/wp\/v2\/posts\/254511\/revisions\/254513"}],"wp:featuredmedia":[{"embeddable":true,"href":"https:\/\/corrientesdetarde.com\/index.php\/wp-json\/wp\/v2\/media\/254512"}],"wp:attachment":[{"href":"https:\/\/corrientesdetarde.com\/index.php\/wp-json\/wp\/v2\/media?parent=254511"}],"wp:term":[{"taxonomy":"category","embeddable":true,"href":"https:\/\/corrientesdetarde.com\/index.php\/wp-json\/wp\/v2\/categories?post=254511"},{"taxonomy":"post_tag","embeddable":true,"href":"https:\/\/corrientesdetarde.com\/index.php\/wp-json\/wp\/v2\/tags?post=254511"}],"curies":[{"name":"wp","href":"https:\/\/api.w.org\/{rel}","templated":true}]}}