{"id":254514,"date":"2026-04-30T08:43:07","date_gmt":"2026-04-30T11:43:07","guid":{"rendered":"https:\/\/corrientesdetarde.com\/?p=254514"},"modified":"2026-04-30T08:43:19","modified_gmt":"2026-04-30T11:43:19","slug":"el-lider-supremo-irani-sostuvo-que-teheran-protegera-sus-capacidades-nucleares-y-de-misiles","status":"publish","type":"post","link":"https:\/\/corrientesdetarde.com\/index.php\/internacionales\/el-lider-supremo-irani-sostuvo-que-teheran-protegera-sus-capacidades-nucleares-y-de-misiles\/","title":{"rendered":"El l\u00edder supremo iran\u00ed sostuvo que Teher\u00e1n proteger\u00e1 sus &#8220;capacidades nucleares y de misiles&#8221;"},"content":{"rendered":"\n<p>El l\u00edder supremo de Ir\u00e1n asegur\u00f3 este jueves que la Rep\u00fablica Isl\u00e1mica proteger\u00e1 sus<strong>&nbsp;\u201ccapacidades nucleares y de misiles\u201d<\/strong>&nbsp;como un activo nacional, mientras el presidente de Estados Unidos, Donald Trump, intenta alcanzar un acuerdo.<\/p>\n\n\n\n<p>El ayatol\u00e1 Mojtaba Jamenei se pronunci\u00f3 en una declaraci\u00f3n le\u00edda en la televisi\u00f3n estatal iran\u00ed, como ha hecho desde que consider\u00f3 el poder tras el ataque a\u00e9reo del 28 de febrero que mat\u00f3 a su padre, el ayatol\u00e1 Ali Jamenei, de 86 a\u00f1os.<\/p>\n\n\n\n<p>\u201cNoventa millones de iran\u00edes orgullosos y honorables, tanto dentro como fuera del pa\u00eds, consideran todas las capacidades identitarias, espirituales, humanas, cient\u00edficas, industriales y tecnol\u00f3gicas de Ir\u00e1n , \u2014desde la nanotecnolog\u00eda y la biotecnolog\u00eda hasta las capacidades nucleares y de misiles\u2014 como activos nacionales, y l<strong>as proteger\u00e1n tal como protegen las aguas, la tierra y el espacio a\u00e9reo del pa\u00eds\u201d,&nbsp;<\/strong>manifest\u00f3 Jamenei.<\/p>\n\n\n\n<p>El ayatol\u00e1 afirm\u00f3 adem\u00e1s que el \u00fanico lugar al que pertenecen los estadounidenses en el golfo P\u00e9rsico es<strong>&nbsp;\u201cen el fondo de sus aguas\u201d<\/strong>, mientras el estrecho de Ormuz sigue bajo el control asfixiante de Teher\u00e1n.<\/p>\n","protected":false},"excerpt":{"rendered":"<p>El l\u00edder supremo de Ir\u00e1n asegur\u00f3 este jueves que la Rep\u00fablica Isl\u00e1mica proteger\u00e1 sus&nbsp;\u201ccapacidades nucleares y de misiles\u201d&nbsp;como un activo nacional, mientras el presidente de Estados Unidos, Donald Trump, intenta&hellip; <\/p>\n","protected":false},"author":8,"featured_media":254515,"comment_status":"closed","ping_status":"open","sticky":false,"template":"","format":"standard","meta":{"footnotes":""},"categories":[11],"tags":[],"class_list":["post-254514","post","type-post","status-publish","format-standard","has-post-thumbnail","hentry","category-internacionales"],"_links":{"self":[{"href":"https:\/\/corrientesdetarde.com\/index.php\/wp-json\/wp\/v2\/posts\/254514","targetHints":{"allow":["GET"]}}],"collection":[{"href":"https:\/\/corrientesdetarde.com\/index.php\/wp-json\/wp\/v2\/posts"}],"about":[{"href":"https:\/\/corrientesdetarde.com\/index.php\/wp-json\/wp\/v2\/types\/post"}],"author":[{"embeddable":true,"href":"https:\/\/corrientesdetarde.com\/index.php\/wp-json\/wp\/v2\/users\/8"}],"replies":[{"embeddable":true,"href":"https:\/\/corrientesdetarde.com\/index.php\/wp-json\/wp\/v2\/comments?post=254514"}],"version-history":[{"count":1,"href":"https:\/\/corrientesdetarde.com\/index.php\/wp-json\/wp\/v2\/posts\/254514\/revisions"}],"predecessor-version":[{"id":254516,"href":"https:\/\/corrientesdetarde.com\/index.php\/wp-json\/wp\/v2\/posts\/254514\/revisions\/254516"}],"wp:featuredmedia":[{"embeddable":true,"href":"https:\/\/corrientesdetarde.com\/index.php\/wp-json\/wp\/v2\/media\/254515"}],"wp:attachment":[{"href":"https:\/\/corrientesdetarde.com\/index.php\/wp-json\/wp\/v2\/media?parent=254514"}],"wp:term":[{"taxonomy":"category","embeddable":true,"href":"https:\/\/corrientesdetarde.com\/index.php\/wp-json\/wp\/v2\/categories?post=254514"},{"taxonomy":"post_tag","embeddable":true,"href":"https:\/\/corrientesdetarde.com\/index.php\/wp-json\/wp\/v2\/tags?post=254514"}],"curies":[{"name":"wp","href":"https:\/\/api.w.org\/{rel}","templated":true}]}}