{"id":254518,"date":"2026-04-30T09:19:04","date_gmt":"2026-04-30T12:19:04","guid":{"rendered":"https:\/\/corrientesdetarde.com\/?p=254518"},"modified":"2026-04-30T09:19:09","modified_gmt":"2026-04-30T12:19:09","slug":"corrientes-condenaron-a-un-hombre-por-abusar-de-una-joven-con-discapacidad","status":"publish","type":"post","link":"https:\/\/corrientesdetarde.com\/index.php\/destacados\/corrientes-condenaron-a-un-hombre-por-abusar-de-una-joven-con-discapacidad\/","title":{"rendered":"Corrientes: condenaron a un hombre por abusar de una joven con discapacidad"},"content":{"rendered":"\n<p>El juez unipersonal&nbsp;<strong>Dar\u00edo Alejandro Ortiz<\/strong>&nbsp;conden\u00f3 a&nbsp;<strong>Alfredo Juan Pablo N\u00fa\u00f1ez<\/strong>&nbsp;a la pena de&nbsp;<strong>dos a\u00f1os de prisi\u00f3n de ejecuci\u00f3n condicional<\/strong>.<\/p>\n\n\n\n<p>El magistrado consider\u00f3 acreditado, &#8220;<strong>m\u00e1s all\u00e1 de toda duda razonable<\/strong>&#8220;, que el imputado es autor material del delito de\u00a0<strong>abuso sexual simple<\/strong>.<\/p>\n\n\n\n<p>El&nbsp;<strong>fallo destaca&nbsp;<\/strong>que el acusado aprovech\u00f3 una relaci\u00f3n de&nbsp;<strong>confianza familiar&nbsp;<\/strong>y la&nbsp;<strong>doble vulnerabilidad&nbsp;<\/strong>de la v\u00edctima (por su condici\u00f3n de mujer y su discapacidad cognitiva) para realizar actos de contenido&nbsp;<strong>sexual sin consentimiento<\/strong>.<\/p>\n\n\n\n<p>El&nbsp;<strong>juez subray\u00f3&nbsp;<\/strong>que la&nbsp;<strong>joven<\/strong>, a pesar de sus limitaciones,&nbsp;<strong>brind\u00f3 un testimonio &#8220;convincente y coherente&#8221;<\/strong>&nbsp;que fue determinante para el veredicto.<\/p>\n\n\n\n<h2 class=\"wp-block-heading\">Detalles del hecho en el barrio Sol de Mayo<\/h2>\n\n\n\n<p>El il\u00edcito ocurri\u00f3 el&nbsp;<strong>27 de noviembre de 2024<\/strong>&nbsp;en el domicilio de la v\u00edctima. Seg\u00fan se prob\u00f3 en el debate:<\/p>\n\n\n\n<p><strong>N\u00fa\u00f1ez ingres\u00f3&nbsp;<\/strong>a la&nbsp;<strong>habitaci\u00f3n&nbsp;<\/strong>de la joven, la tom\u00f3 fuertemente del brazo y, bajo la frase &#8220;ven\u00ed, vamos a jugar&#8221;, la sujet\u00f3 de la cintura para intentar llevarla a la cama.<\/p>\n\n\n\n<p>Esta situaci\u00f3n se interrumpi\u00f3 \u00fanicamente porque&nbsp;<strong>la v\u00edctima logr\u00f3 zafarse&nbsp;<\/strong>y escapar debido al&nbsp;<strong>temor&nbsp;<\/strong>que sent\u00eda.<\/p>\n\n\n\n<p>Adem\u00e1s del&nbsp;<strong>relato de la joven<\/strong>, las&nbsp;<strong>pericias psicol\u00f3gicas&nbsp;<\/strong>detectaron&nbsp;<strong>indicadores compatibles con abuso<\/strong>, tales como angustia, miedo y conductas evitativas.<\/p>\n\n\n\n<h2 class=\"wp-block-heading\">Definici\u00f3n jur\u00eddica del abuso sexual simple<\/h2>\n\n\n\n<p>Un&nbsp;<strong>punto clave del fallo&nbsp;<\/strong>es la aclaraci\u00f3n doctrinaria sobre el tipo de delito. El&nbsp;<strong>magistrado explic\u00f3&nbsp;<\/strong>que el&nbsp;<strong>abuso sexual simple&nbsp;<\/strong>no exige contacto directo con genitales.<\/p>\n\n\n\n<p>En cambio, basta con cualquier&nbsp;<strong>acto de contenido sexual<\/strong>&nbsp;que represente una&nbsp;<strong>injerencia indebida&nbsp;<\/strong>en la autodeterminaci\u00f3n de la v\u00edctima y&nbsp;<strong>afecte su integridad<\/strong>.<\/p>\n","protected":false},"excerpt":{"rendered":"<p>El juez unipersonal&nbsp;Dar\u00edo Alejandro Ortiz&nbsp;conden\u00f3 a&nbsp;Alfredo Juan Pablo N\u00fa\u00f1ez&nbsp;a la pena de&nbsp;dos a\u00f1os de prisi\u00f3n de ejecuci\u00f3n condicional. El magistrado consider\u00f3 acreditado, &#8220;m\u00e1s all\u00e1 de toda duda razonable&#8220;, que el&hellip; <\/p>\n","protected":false},"author":1,"featured_media":254522,"comment_status":"closed","ping_status":"open","sticky":false,"template":"","format":"standard","meta":{"footnotes":""},"categories":[26],"tags":[],"class_list":["post-254518","post","type-post","status-publish","format-standard","has-post-thumbnail","hentry","category-destacados"],"_links":{"self":[{"href":"https:\/\/corrientesdetarde.com\/index.php\/wp-json\/wp\/v2\/posts\/254518","targetHints":{"allow":["GET"]}}],"collection":[{"href":"https:\/\/corrientesdetarde.com\/index.php\/wp-json\/wp\/v2\/posts"}],"about":[{"href":"https:\/\/corrientesdetarde.com\/index.php\/wp-json\/wp\/v2\/types\/post"}],"author":[{"embeddable":true,"href":"https:\/\/corrientesdetarde.com\/index.php\/wp-json\/wp\/v2\/users\/1"}],"replies":[{"embeddable":true,"href":"https:\/\/corrientesdetarde.com\/index.php\/wp-json\/wp\/v2\/comments?post=254518"}],"version-history":[{"count":1,"href":"https:\/\/corrientesdetarde.com\/index.php\/wp-json\/wp\/v2\/posts\/254518\/revisions"}],"predecessor-version":[{"id":254523,"href":"https:\/\/corrientesdetarde.com\/index.php\/wp-json\/wp\/v2\/posts\/254518\/revisions\/254523"}],"wp:featuredmedia":[{"embeddable":true,"href":"https:\/\/corrientesdetarde.com\/index.php\/wp-json\/wp\/v2\/media\/254522"}],"wp:attachment":[{"href":"https:\/\/corrientesdetarde.com\/index.php\/wp-json\/wp\/v2\/media?parent=254518"}],"wp:term":[{"taxonomy":"category","embeddable":true,"href":"https:\/\/corrientesdetarde.com\/index.php\/wp-json\/wp\/v2\/categories?post=254518"},{"taxonomy":"post_tag","embeddable":true,"href":"https:\/\/corrientesdetarde.com\/index.php\/wp-json\/wp\/v2\/tags?post=254518"}],"curies":[{"name":"wp","href":"https:\/\/api.w.org\/{rel}","templated":true}]}}