{"id":254519,"date":"2026-04-30T09:16:20","date_gmt":"2026-04-30T12:16:20","guid":{"rendered":"https:\/\/corrientesdetarde.com\/?p=254519"},"modified":"2026-04-30T09:16:25","modified_gmt":"2026-04-30T12:16:25","slug":"juan-pablo-valdes-en-mayo-vamos-a-estar-haciendo-nuevamente-anuncios-salariales","status":"publish","type":"post","link":"https:\/\/corrientesdetarde.com\/index.php\/locales\/juan-pablo-valdes-en-mayo-vamos-a-estar-haciendo-nuevamente-anuncios-salariales\/","title":{"rendered":"Juan Pablo Vald\u00e9s: &#8220;En mayo vamos a estar haciendo nuevamente anuncios salariales&#8221;"},"content":{"rendered":"\n<p>El gobernador de Corrientes,&nbsp;<strong>Juan Pablo Vald\u00e9s,<\/strong>&nbsp;llev\u00f3 tranquilidad a los trabajadores de la administraci\u00f3n p\u00fablica al confirmar que en&nbsp;<strong>mayo<\/strong>&nbsp;se anunciar\u00e1 una nueva mejora en los haberes.<\/p>\n\n\n\n<p>El mandatario defendi\u00f3 la estrategia de otorgar incrementos en plazos breves para ajustar los montos al &#8220;panorama&#8221; econ\u00f3mico sin comprometer las arcas provinciales.<\/p>\n\n\n\n<p>&#8220;Preferimos no tener anuncios tan largos de plazo; anuncios m\u00e1s cortos, pero m\u00e1s frecuentes&#8221;, explic\u00f3 Vald\u00e9s a \u00d1ande Cable. El objetivo, seg\u00fan detall\u00f3, es avanzar en una&nbsp;<strong>recomposici\u00f3n salarial<\/strong>&nbsp;que sea &#8220;lo mejor posible&#8221; pero &#8220;sin poner en riesgo el sistema&#8221;, garantizando el pago de sueldos en tiempo y forma.<\/p>\n\n\n\n<h2 class=\"wp-block-heading\">Poder Judicial<\/h2>\n\n\n\n<p>Uno de los puntos m\u00e1s \u00e1lgidos de la rueda de prensa fue el reclamo de los trabajadores judiciales, quienes exigen el cumplimiento de un&nbsp;<strong>aumento del 6%<\/strong>. Vald\u00e9s fue tajante al respecto y envi\u00f3 un mensaje de austeridad hacia el otro poder del Estado.<\/p>\n\n\n\n<p>&#8220;Ellos son un poder independiente, pero claro,&nbsp;<strong>caja hay una sola y presupuesto hay uno solo<\/strong>&#8220;, sentenci\u00f3 el gobernador. Seg\u00fan explic\u00f3, el Ministerio de Hacienda ya contest\u00f3 los requerimientos por v\u00eda formal y la provincia se mantiene a la espera de las proyecciones presupuestarias del Poder Judicial para verificar la factibilidad del pedido.<\/p>\n\n\n\n<p>En esa l\u00ednea, el mandatario advirti\u00f3 que no habr\u00e1 giros extraordinarios de fondos si las finanzas se agotan: &#8220;Si creen que m\u00e1s adelante nos van a pedir m\u00e1s dinero y lo vamos a tener, les digo que hoy&nbsp;<strong>las finanzas vienen muy justas<\/strong>. No existe m\u00e1s dinero y se lo venimos diciendo; no es mala fe, es lo que hay&#8221;.<\/p>\n\n\n\n<h2 class=\"wp-block-heading\">\u00bfUnificaci\u00f3n de los plus?<\/h2>\n\n\n\n<p>Otro de los temas que genera expectativa en el sector p\u00fablico es la posibilidad de&nbsp;<strong>unificar el sueldo b\u00e1sico con los diferentes plus<\/strong>&nbsp;(unificado y de refuerzo) que perciben los agentes provinciales. Vald\u00e9s admiti\u00f3 que la propuesta est\u00e1 sobre la mesa de trabajo.<\/p>\n\n\n\n<p>&#8220;Venimos estudiando varias situaciones. El ministro de Hacienda est\u00e1 trabajando hace m\u00e1s de un mes en esto&#8221;, precis\u00f3. La intenci\u00f3n oficial es buscar el &#8220;mejor camino&#8221; para simplificar la liquidaci\u00f3n de haberes y mejorar la estructura salarial, siempre bajo la premisa de la responsabilidad fiscal.<\/p>\n\n\n\n<p>Con estos anuncios, el Gobierno provincial busca anticiparse a posibles focos de conflicto gremial, mientras monitorea de cerca la recaudaci\u00f3n y las transferencias nacionales para definir el porcentaje que se otorgar\u00e1 en la primera quincena de mayo.<\/p>\n","protected":false},"excerpt":{"rendered":"<p>El gobernador de Corrientes,&nbsp;Juan Pablo Vald\u00e9s,&nbsp;llev\u00f3 tranquilidad a los trabajadores de la administraci\u00f3n p\u00fablica al confirmar que en&nbsp;mayo&nbsp;se anunciar\u00e1 una nueva mejora en los haberes. El mandatario defendi\u00f3 la estrategia&hellip; <\/p>\n","protected":false},"author":1,"featured_media":254505,"comment_status":"closed","ping_status":"open","sticky":false,"template":"","format":"standard","meta":{"footnotes":""},"categories":[8],"tags":[],"class_list":["post-254519","post","type-post","status-publish","format-standard","has-post-thumbnail","hentry","category-locales"],"_links":{"self":[{"href":"https:\/\/corrientesdetarde.com\/index.php\/wp-json\/wp\/v2\/posts\/254519","targetHints":{"allow":["GET"]}}],"collection":[{"href":"https:\/\/corrientesdetarde.com\/index.php\/wp-json\/wp\/v2\/posts"}],"about":[{"href":"https:\/\/corrientesdetarde.com\/index.php\/wp-json\/wp\/v2\/types\/post"}],"author":[{"embeddable":true,"href":"https:\/\/corrientesdetarde.com\/index.php\/wp-json\/wp\/v2\/users\/1"}],"replies":[{"embeddable":true,"href":"https:\/\/corrientesdetarde.com\/index.php\/wp-json\/wp\/v2\/comments?post=254519"}],"version-history":[{"count":1,"href":"https:\/\/corrientesdetarde.com\/index.php\/wp-json\/wp\/v2\/posts\/254519\/revisions"}],"predecessor-version":[{"id":254521,"href":"https:\/\/corrientesdetarde.com\/index.php\/wp-json\/wp\/v2\/posts\/254519\/revisions\/254521"}],"wp:featuredmedia":[{"embeddable":true,"href":"https:\/\/corrientesdetarde.com\/index.php\/wp-json\/wp\/v2\/media\/254505"}],"wp:attachment":[{"href":"https:\/\/corrientesdetarde.com\/index.php\/wp-json\/wp\/v2\/media?parent=254519"}],"wp:term":[{"taxonomy":"category","embeddable":true,"href":"https:\/\/corrientesdetarde.com\/index.php\/wp-json\/wp\/v2\/categories?post=254519"},{"taxonomy":"post_tag","embeddable":true,"href":"https:\/\/corrientesdetarde.com\/index.php\/wp-json\/wp\/v2\/tags?post=254519"}],"curies":[{"name":"wp","href":"https:\/\/api.w.org\/{rel}","templated":true}]}}