{"id":254527,"date":"2026-04-30T09:49:35","date_gmt":"2026-04-30T12:49:35","guid":{"rendered":"https:\/\/corrientesdetarde.com\/?p=254527"},"modified":"2026-04-30T09:49:49","modified_gmt":"2026-04-30T12:49:49","slug":"vicuna-mostro-cuanto-le-afecta-que-sus-hijos-esten-en-turquia-con-la-china-suarez-e-icardi-extranando","status":"publish","type":"post","link":"https:\/\/corrientesdetarde.com\/index.php\/espectaculos\/vicuna-mostro-cuanto-le-afecta-que-sus-hijos-esten-en-turquia-con-la-china-suarez-e-icardi-extranando\/","title":{"rendered":"Vicu\u00f1a mostr\u00f3 cu\u00e1nto le afecta que sus hijos est\u00e9n en Turqu\u00eda con la China Su\u00e1rez e Icardi: \u201cExtra\u00f1ando\u201d"},"content":{"rendered":"\n<p>Aunque en varias oportunidades destac\u00f3 que est\u00e1 en constante v\u00ednculo con los nenes, necesita la cercan\u00eda.<\/p>\n\n\n\n<p><strong>Benjam\u00edn Vicu\u00f1a<\/strong>\u00a0<strong>cont\u00f3 c\u00f3mo le afecta que sus hijos Magnolia y Amancio est\u00e9n en Turqu\u00eda<\/strong>, donde se instalaron hace meses con la\u00a0<strong>China Su\u00e1rez<\/strong>\u00a0y\u00a0<strong>Mauro Icardi<\/strong>.<\/p>\n\n\n\n<p>M\u00e1s all\u00e1 de que el actor chileno destac\u00f3 en varias oportunidades que est\u00e1 en constante v\u00ednculo con los nenes, dej\u00f3 en claro que extra\u00f1a la cotidianidad y la cercan\u00eda. As\u00ed lo hizo saber este mi\u00e9rcoles en sus redes sociales, donde sorprendi\u00f3 con una\u00a0<strong>tierna foto.<\/strong><\/p>\n\n\n\n<p>En la imagen que public\u00f3 el artista, se puede ver a Amancio abraz\u00e1ndolo y d\u00e1ndole un beso en la mejilla.&nbsp;<strong>\u201cExtra\u00f1ando ando\u201d<\/strong>, escribi\u00f3 sin vueltas.<\/p>\n\n\n\n<figure class=\"wp-block-image\"><img decoding=\"async\" src=\"https:\/\/tn.com.ar\/resizer\/v2\/extranando-el-posteo-de-benjamin-vicuna-dedicado-a-su-hijo-amancio-que-esta-en-turquia-foto-instagram-benjaminvicunaok-7A5SGDUGM5DITHGMIHXT2FVC7M.PNG?auth=28bf5192063fe516b4778760fc78ba585c9d7c4695b432f6b9b93988c68a3aff&amp;width=767\" alt=\"\u201cExtra\u00f1ando\u201d: el posteo de Benjam\u00edn Vicu\u00f1a dedicado a su hijo Amancio que est\u00e1 en Turqu\u00eda (Foto: Instagram \/benjaminvicuna.ok)\"\/><\/figure>\n\n\n\n<p>Vicu\u00f1a estuvo durante el verano con sus hijos m\u00e1s chiquitos hasta que, a mediados de febrero, la China regres\u00f3 a Estambul con ellos. Cabe destacar que los peque\u00f1os est\u00e1n escolarizados all\u00e1.<\/p>\n\n\n\n<h2 class=\"wp-block-heading\">Benjam\u00edn Vicu\u00f1a revel\u00f3 la actitud de la China Su\u00e1rez que m\u00e1s le doli\u00f3: \u201cNo era justo\u201d<\/h2>\n\n\n\n<p><strong>Benjam\u00edn Vicu\u00f1a&nbsp;<\/strong>habl\u00f3 de la mudanza de la&nbsp;<strong>China Su\u00e1rez<\/strong>&nbsp;y sus hijos a Turqu\u00eda. A varios meses de la pol\u00e9mica, el actor se sincer\u00f3: \u201cMe parec\u00eda que no era justo que se fuera con los nenes\u201d.<\/p>\n\n\n\n<p>Consultado al aire de<em>&nbsp;\u00c1ngel responde<\/em>&nbsp;(<em>Bondi<\/em>) por su v\u00ednculo con la ex Casi \u00c1ngeles, expres\u00f3: \u201cLa verdad es que hace dos a\u00f1os atr\u00e1s, estando separado de dos parejas importantes con hijos y todo,&nbsp;<strong>ten\u00edamos un muy buen v\u00ednculo<\/strong>\u201d.<\/p>\n\n\n\n<p>\u201cDe hecho, por momentos, me atrev\u00ed a dar consejos a mis amigos m\u00edos. De que se llevaran bien, que hicieran familia. Y la verdad, no es f\u00e1cil organizar un barco de las dimensiones que yo manejo con hijos, con cosas&#8230;\u201d, se\u00f1al\u00f3.<\/p>\n\n\n\n<p>Y lament\u00f3: \u201c<strong>Y ese equilibrio que fue exitoso, lamentablemente se desmoron\u00f3.&nbsp;<\/strong>Y si vos me pregunt\u00e1s,&nbsp;<strong>yo creo y espero que con el tiempo se pueda sanar<\/strong>, pero porque no es sano. Claramente es triste\u201d.<\/p>\n\n\n\n<p>Acto seguido, se refiri\u00f3 a la mudanza de la actriz junto a sus hijos y la distancia con los nenes. \u201cArgentina es mi casa. Es dif\u00edcil tenerlos lejos y hay un proceso que tiene que ver con una adaptaci\u00f3n a una situaci\u00f3n que me excede\u201d, sostuvo.<\/p>\n\n\n\n<p>\u201c\u00bfTe cost\u00f3 entender que ella ten\u00eda necesidad de irse un tiempo?\u201d, quiso saber \u00c1ngel de Brito. Con sinceridad, Vicu\u00f1a afirm\u00f3: \u201cS\u00ed, me cost\u00f3.\u00a0<strong>Me cost\u00f3 porque me parec\u00eda que no era justo porque tambi\u00e9n pienso en los intereses de los chicos que deben estar con su madre, pero tambi\u00e9n con su padre\u201d<\/strong>.<\/p>\n\n\n\n<p>Lejos de toda pol\u00e9mica, se\u00f1al\u00f3: \u201cHoy se asume, se adapta, nos adaptamos&#8230; Incluso, soy tan optimista que le trato de encontrar el lado positivo, pero la procesi\u00f3n va por dentro\u201d.<\/p>\n\n\n\n<p><\/p>\n","protected":false},"excerpt":{"rendered":"<p>Aunque en varias oportunidades destac\u00f3 que est\u00e1 en constante v\u00ednculo con los nenes, necesita la cercan\u00eda. Benjam\u00edn Vicu\u00f1a\u00a0cont\u00f3 c\u00f3mo le afecta que sus hijos Magnolia y Amancio est\u00e9n en Turqu\u00eda,&hellip; <\/p>\n","protected":false},"author":8,"featured_media":254528,"comment_status":"closed","ping_status":"open","sticky":false,"template":"","format":"standard","meta":{"footnotes":""},"categories":[19],"tags":[],"class_list":["post-254527","post","type-post","status-publish","format-standard","has-post-thumbnail","hentry","category-espectaculos"],"_links":{"self":[{"href":"https:\/\/corrientesdetarde.com\/index.php\/wp-json\/wp\/v2\/posts\/254527","targetHints":{"allow":["GET"]}}],"collection":[{"href":"https:\/\/corrientesdetarde.com\/index.php\/wp-json\/wp\/v2\/posts"}],"about":[{"href":"https:\/\/corrientesdetarde.com\/index.php\/wp-json\/wp\/v2\/types\/post"}],"author":[{"embeddable":true,"href":"https:\/\/corrientesdetarde.com\/index.php\/wp-json\/wp\/v2\/users\/8"}],"replies":[{"embeddable":true,"href":"https:\/\/corrientesdetarde.com\/index.php\/wp-json\/wp\/v2\/comments?post=254527"}],"version-history":[{"count":1,"href":"https:\/\/corrientesdetarde.com\/index.php\/wp-json\/wp\/v2\/posts\/254527\/revisions"}],"predecessor-version":[{"id":254529,"href":"https:\/\/corrientesdetarde.com\/index.php\/wp-json\/wp\/v2\/posts\/254527\/revisions\/254529"}],"wp:featuredmedia":[{"embeddable":true,"href":"https:\/\/corrientesdetarde.com\/index.php\/wp-json\/wp\/v2\/media\/254528"}],"wp:attachment":[{"href":"https:\/\/corrientesdetarde.com\/index.php\/wp-json\/wp\/v2\/media?parent=254527"}],"wp:term":[{"taxonomy":"category","embeddable":true,"href":"https:\/\/corrientesdetarde.com\/index.php\/wp-json\/wp\/v2\/categories?post=254527"},{"taxonomy":"post_tag","embeddable":true,"href":"https:\/\/corrientesdetarde.com\/index.php\/wp-json\/wp\/v2\/tags?post=254527"}],"curies":[{"name":"wp","href":"https:\/\/api.w.org\/{rel}","templated":true}]}}