{"id":254533,"date":"2026-04-30T10:01:55","date_gmt":"2026-04-30T13:01:55","guid":{"rendered":"https:\/\/corrientesdetarde.com\/?p=254533"},"modified":"2026-04-30T10:02:08","modified_gmt":"2026-04-30T13:02:08","slug":"corrientes-participo-de-la-asamblea-n-108-del-consejo-federal-de-discapacidad","status":"publish","type":"post","link":"https:\/\/corrientesdetarde.com\/index.php\/sociales\/corrientes-participo-de-la-asamblea-n-108-del-consejo-federal-de-discapacidad\/","title":{"rendered":"Corrientes particip\u00f3 de la Asamblea N\u00b0 108 del Consejo Federal de Discapacidad"},"content":{"rendered":"\n<p>El Gobierno de la Provincia particip\u00f3 de la Asamblea del Consejo Federal de Discapacidad que se realiz\u00f3 en la ciudad de Buenos Aires. Es la segunda reuni\u00f3n del a\u00f1o 2026, llevada a cabo en las instalaciones de la SENADIS (Secretar\u00eda Nacional de Discapacidad).<\/p>\n\n\n\n<p>El Ministerio de Desarrollo Social particip\u00f3 de la sesi\u00f3n a trav\u00e9s del Consejo Provincial de Discapacidad, con su titular, Roxana Tannuri y la delegaci\u00f3n de Cintia Caballera, quien es presidente de la Fundaci\u00f3n Creando Lazos, en representaci\u00f3n de las ONGs; ambas referentes estuvieron representando a la Provincia en este encuentro.<\/p>\n\n\n\n<p>Durante la jornada, uno de los principales temas abordados fue la reiteraci\u00f3n del pedido de regulaci\u00f3n y normalizaci\u00f3n de los pagos adeudados a las instituciones prestadoras de servicios para personas con discapacidad en todo el pa\u00eds.<\/p>\n\n\n\n<p>La participaci\u00f3n de Corrientes en este espacio federal reafirma el compromiso de la provincia con la defensa de los derechos de las personas con discapacidad y el fortalecimiento de pol\u00edticas p\u00fablicas inclusivas a nivel nacional.<\/p>\n\n\n\n<figure class=\"wp-block-image size-large\"><img loading=\"lazy\" decoding=\"async\" width=\"576\" height=\"1024\" src=\"https:\/\/corrientesdetarde.com\/wp-content\/uploads\/2026\/04\/image-640-576x1024.png\" alt=\"\" class=\"wp-image-254534\" srcset=\"https:\/\/corrientesdetarde.com\/wp-content\/uploads\/2026\/04\/image-640-576x1024.png 576w, https:\/\/corrientesdetarde.com\/wp-content\/uploads\/2026\/04\/image-640-169x300.png 169w, https:\/\/corrientesdetarde.com\/wp-content\/uploads\/2026\/04\/image-640-768x1365.png 768w, https:\/\/corrientesdetarde.com\/wp-content\/uploads\/2026\/04\/image-640-864x1536.png 864w, https:\/\/corrientesdetarde.com\/wp-content\/uploads\/2026\/04\/image-640.png 900w\" sizes=\"auto, (max-width: 576px) 100vw, 576px\" \/><\/figure>\n\n\n\n<figure class=\"wp-block-image size-large\"><img loading=\"lazy\" decoding=\"async\" width=\"1024\" height=\"695\" src=\"https:\/\/corrientesdetarde.com\/wp-content\/uploads\/2026\/04\/image-641-1024x695.png\" alt=\"\" class=\"wp-image-254535\" srcset=\"https:\/\/corrientesdetarde.com\/wp-content\/uploads\/2026\/04\/image-641-1024x695.png 1024w, https:\/\/corrientesdetarde.com\/wp-content\/uploads\/2026\/04\/image-641-300x204.png 300w, https:\/\/corrientesdetarde.com\/wp-content\/uploads\/2026\/04\/image-641-768x521.png 768w, https:\/\/corrientesdetarde.com\/wp-content\/uploads\/2026\/04\/image-641.png 1254w\" sizes=\"auto, (max-width: 1024px) 100vw, 1024px\" \/><\/figure>\n","protected":false},"excerpt":{"rendered":"<p>El Gobierno de la Provincia particip\u00f3 de la Asamblea del Consejo Federal de Discapacidad que se realiz\u00f3 en la ciudad de Buenos Aires. Es la segunda reuni\u00f3n del a\u00f1o 2026,&hellip; <\/p>\n","protected":false},"author":8,"featured_media":254536,"comment_status":"closed","ping_status":"open","sticky":false,"template":"","format":"standard","meta":{"footnotes":""},"categories":[17],"tags":[],"class_list":["post-254533","post","type-post","status-publish","format-standard","has-post-thumbnail","hentry","category-sociales"],"_links":{"self":[{"href":"https:\/\/corrientesdetarde.com\/index.php\/wp-json\/wp\/v2\/posts\/254533","targetHints":{"allow":["GET"]}}],"collection":[{"href":"https:\/\/corrientesdetarde.com\/index.php\/wp-json\/wp\/v2\/posts"}],"about":[{"href":"https:\/\/corrientesdetarde.com\/index.php\/wp-json\/wp\/v2\/types\/post"}],"author":[{"embeddable":true,"href":"https:\/\/corrientesdetarde.com\/index.php\/wp-json\/wp\/v2\/users\/8"}],"replies":[{"embeddable":true,"href":"https:\/\/corrientesdetarde.com\/index.php\/wp-json\/wp\/v2\/comments?post=254533"}],"version-history":[{"count":1,"href":"https:\/\/corrientesdetarde.com\/index.php\/wp-json\/wp\/v2\/posts\/254533\/revisions"}],"predecessor-version":[{"id":254538,"href":"https:\/\/corrientesdetarde.com\/index.php\/wp-json\/wp\/v2\/posts\/254533\/revisions\/254538"}],"wp:featuredmedia":[{"embeddable":true,"href":"https:\/\/corrientesdetarde.com\/index.php\/wp-json\/wp\/v2\/media\/254536"}],"wp:attachment":[{"href":"https:\/\/corrientesdetarde.com\/index.php\/wp-json\/wp\/v2\/media?parent=254533"}],"wp:term":[{"taxonomy":"category","embeddable":true,"href":"https:\/\/corrientesdetarde.com\/index.php\/wp-json\/wp\/v2\/categories?post=254533"},{"taxonomy":"post_tag","embeddable":true,"href":"https:\/\/corrientesdetarde.com\/index.php\/wp-json\/wp\/v2\/tags?post=254533"}],"curies":[{"name":"wp","href":"https:\/\/api.w.org\/{rel}","templated":true}]}}