{"id":254540,"date":"2026-04-30T10:10:58","date_gmt":"2026-04-30T13:10:58","guid":{"rendered":"https:\/\/corrientesdetarde.com\/?p=254540"},"modified":"2026-04-30T10:11:14","modified_gmt":"2026-04-30T13:11:14","slug":"proponen-reconocer-a-los-animales-como-seres-sintientes-y-establecer-un-regimen-integral-de-bienestar","status":"publish","type":"post","link":"https:\/\/corrientesdetarde.com\/index.php\/politica\/proponen-reconocer-a-los-animales-como-seres-sintientes-y-establecer-un-regimen-integral-de-bienestar\/","title":{"rendered":"Proponen reconocer a los animales como seres sintientes y establecer un r\u00e9gimen integral de bienestar"},"content":{"rendered":"\n<p><a href=\"https:\/\/api.whatsapp.com\/send?text=Impulsan%20una%20ley%20para%20reconocer%20a%20los%20animales%20como%20seres%20sintientes%20-%20https:\/\/www.republicadecorrientes.com\/71802-impulsan-una-ley-para-reconocer-a-los-animales-como-seres-sintientes?utm_source=WhatsApp%26utm_medium=WhatsApp%26utm_campaign=WhatsApp%26utm_term=WhatsApp\" target=\"_blank\" rel=\"noreferrer noopener\"><\/a><a href=\"https:\/\/www.republicadecorrientes.com\/71802-impulsan-una-ley-para-reconocer-a-los-animales-como-seres-sintientes#\"><\/a><a href=\"https:\/\/www.republicadecorrientes.com\/71802-impulsan-una-ley-para-reconocer-a-los-animales-como-seres-sintientes#\"><\/a><\/p>\n\n\n\n<p>En el marco del D\u00eda del Animal, el diputado Hugo &#8220;Cuqui&#8221; Calvano present\u00f3 en la C\u00e1mara de Diputados de Corrientes un proyecto de ley que propone un cambio de enfoque en la protecci\u00f3n animal: reconocer a los animales como seres sintientes y establecer un r\u00e9gimen integral de bienestar.<\/p>\n\n\n\n<p>La propuesta surge frente a una realidad marcada por el abandono, el maltrato y la falta de herramientas eficaces para prevenir estas situaciones. En ese sentido, el proyecto apunta a avanzar hacia pol\u00edticas p\u00fablicas que prioricen la prevenci\u00f3n, la educaci\u00f3n y la intervenci\u00f3n temprana. Adem\u00e1s de fortalecer las sanciones e incorporar distintas formas de maltrato que, ante el vac\u00edo actual, quedan impunes.<\/p>\n\n\n\n<p>&#8220;Estamos dando un paso importante: dejar de ver a los animales como cosas y empezar a reconocerlos como seres que sienten. Eso tambi\u00e9n habla del tipo de sociedad que queremos construir&#8221;, expres\u00f3 Calvano.<\/p>\n\n\n\n<p>El proyecto establece obligaciones claras para la tenencia responsable, incluyendo alimentaci\u00f3n adecuada, atenci\u00f3n veterinaria, resguardo y control reproductivo, y ordena distintos aspectos de la convivencia con animales dom\u00e9sticos.<\/p>\n\n\n\n<p>Adem\u00e1s, incorpora las cinco libertades del bienestar animal, un est\u00e1ndar internacional que garantiza condiciones b\u00e1sicas como vivir sin hambre ni sed, sin dolor o enfermedad, sin miedo ni estr\u00e9s, y con posibilidad de desarrollar su comportamiento natural.<\/p>\n\n\n\n<p>Otro de los puntos centrales es el fortalecimiento del abordaje del maltrato animal, mediante herramientas m\u00e1s \u00e1giles de denuncia y un r\u00e9gimen de sanciones m\u00e1s claro, que permita actuar de manera r\u00e1pida ante situaciones de riesgo: &#8220;Queremos que cuidar a los animales no dependa solo de la voluntad individual, sino que sea una pol\u00edtica p\u00fablica sostenida&#8221;, se\u00f1alaron desde el equipo.<\/p>\n\n\n\n<p>La iniciativa tambi\u00e9n promueve la articulaci\u00f3n entre el Estado, los municipios y las organizaciones de la sociedad civil, en el marco de una pol\u00edtica integral de bienestar animal. El proyecto ya fue ingresado en la Legislatura y se espera su tratamiento en las pr\u00f3ximas semanas.<\/p>\n","protected":false},"excerpt":{"rendered":"<p>En el marco del D\u00eda del Animal, el diputado Hugo &#8220;Cuqui&#8221; Calvano present\u00f3 en la C\u00e1mara de Diputados de Corrientes un proyecto de ley que propone un cambio de enfoque&hellip; <\/p>\n","protected":false},"author":8,"featured_media":254541,"comment_status":"closed","ping_status":"open","sticky":false,"template":"","format":"standard","meta":{"footnotes":""},"categories":[3],"tags":[],"class_list":["post-254540","post","type-post","status-publish","format-standard","has-post-thumbnail","hentry","category-politica"],"_links":{"self":[{"href":"https:\/\/corrientesdetarde.com\/index.php\/wp-json\/wp\/v2\/posts\/254540","targetHints":{"allow":["GET"]}}],"collection":[{"href":"https:\/\/corrientesdetarde.com\/index.php\/wp-json\/wp\/v2\/posts"}],"about":[{"href":"https:\/\/corrientesdetarde.com\/index.php\/wp-json\/wp\/v2\/types\/post"}],"author":[{"embeddable":true,"href":"https:\/\/corrientesdetarde.com\/index.php\/wp-json\/wp\/v2\/users\/8"}],"replies":[{"embeddable":true,"href":"https:\/\/corrientesdetarde.com\/index.php\/wp-json\/wp\/v2\/comments?post=254540"}],"version-history":[{"count":1,"href":"https:\/\/corrientesdetarde.com\/index.php\/wp-json\/wp\/v2\/posts\/254540\/revisions"}],"predecessor-version":[{"id":254542,"href":"https:\/\/corrientesdetarde.com\/index.php\/wp-json\/wp\/v2\/posts\/254540\/revisions\/254542"}],"wp:featuredmedia":[{"embeddable":true,"href":"https:\/\/corrientesdetarde.com\/index.php\/wp-json\/wp\/v2\/media\/254541"}],"wp:attachment":[{"href":"https:\/\/corrientesdetarde.com\/index.php\/wp-json\/wp\/v2\/media?parent=254540"}],"wp:term":[{"taxonomy":"category","embeddable":true,"href":"https:\/\/corrientesdetarde.com\/index.php\/wp-json\/wp\/v2\/categories?post=254540"},{"taxonomy":"post_tag","embeddable":true,"href":"https:\/\/corrientesdetarde.com\/index.php\/wp-json\/wp\/v2\/tags?post=254540"}],"curies":[{"name":"wp","href":"https:\/\/api.w.org\/{rel}","templated":true}]}}