{"id":254543,"date":"2026-04-30T10:40:16","date_gmt":"2026-04-30T13:40:16","guid":{"rendered":"https:\/\/corrientesdetarde.com\/?p=254543"},"modified":"2026-04-30T10:40:21","modified_gmt":"2026-04-30T13:40:21","slug":"el-movil-municipal-que-advierte-infracciones-de-transito-en-corrientes-el-avispon-verde","status":"publish","type":"post","link":"https:\/\/corrientesdetarde.com\/index.php\/actualidad\/el-movil-municipal-que-advierte-infracciones-de-transito-en-corrientes-el-avispon-verde\/","title":{"rendered":"El m\u00f3vil municipal que advierte infracciones de tr\u00e1nsito en Corrientes &#8220;El Avispon Verde&#8221;"},"content":{"rendered":"\n<p>La Municipalidad de Corrientes puso en marcha el &#8220;Avisp\u00f3n Verde&#8221;, un veh\u00edculo equipado con meg\u00e1fono que recorre la ciudad para advertir a conductores que cometen infracciones y brindar recomendaciones al instante<\/p>\n\n\n\n<p>La iniciativa busca reforzar la concientizaci\u00f3n vial con presencia activa en las calles, apelando a la prevenci\u00f3n m\u00e1s que a la sanci\u00f3n.<\/p>\n\n\n\n<p>Ordenar el tr\u00e1nsito tambi\u00e9n es educar: respetar normas, reducir riesgos y mejorar la convivencia entre todos.<\/p>\n\n\n\n<figure class=\"wp-block-image\"><img decoding=\"async\" src=\"https:\/\/www.radiodos.com.ar\/content\/bucket\/5\/284795w380h228c.jpg.webp\" alt=\"\"\/><\/figure>\n\n\n\n<p><\/p>\n\n\n\n<figure class=\"wp-block-image size-full\"><img loading=\"lazy\" decoding=\"async\" width=\"318\" height=\"159\" src=\"https:\/\/corrientesdetarde.com\/wp-content\/uploads\/2026\/04\/image-643.png\" alt=\"\" class=\"wp-image-254544\" srcset=\"https:\/\/corrientesdetarde.com\/wp-content\/uploads\/2026\/04\/image-643.png 318w, https:\/\/corrientesdetarde.com\/wp-content\/uploads\/2026\/04\/image-643-300x150.png 300w\" sizes=\"auto, (max-width: 318px) 100vw, 318px\" \/><\/figure>\n","protected":false},"excerpt":{"rendered":"<p>La Municipalidad de Corrientes puso en marcha el &#8220;Avisp\u00f3n Verde&#8221;, un veh\u00edculo equipado con meg\u00e1fono que recorre la ciudad para advertir a conductores que cometen infracciones y brindar recomendaciones al&hellip; <\/p>\n","protected":false},"author":8,"featured_media":254544,"comment_status":"closed","ping_status":"open","sticky":false,"template":"","format":"standard","meta":{"footnotes":""},"categories":[23],"tags":[],"class_list":["post-254543","post","type-post","status-publish","format-standard","has-post-thumbnail","hentry","category-actualidad"],"_links":{"self":[{"href":"https:\/\/corrientesdetarde.com\/index.php\/wp-json\/wp\/v2\/posts\/254543","targetHints":{"allow":["GET"]}}],"collection":[{"href":"https:\/\/corrientesdetarde.com\/index.php\/wp-json\/wp\/v2\/posts"}],"about":[{"href":"https:\/\/corrientesdetarde.com\/index.php\/wp-json\/wp\/v2\/types\/post"}],"author":[{"embeddable":true,"href":"https:\/\/corrientesdetarde.com\/index.php\/wp-json\/wp\/v2\/users\/8"}],"replies":[{"embeddable":true,"href":"https:\/\/corrientesdetarde.com\/index.php\/wp-json\/wp\/v2\/comments?post=254543"}],"version-history":[{"count":1,"href":"https:\/\/corrientesdetarde.com\/index.php\/wp-json\/wp\/v2\/posts\/254543\/revisions"}],"predecessor-version":[{"id":254545,"href":"https:\/\/corrientesdetarde.com\/index.php\/wp-json\/wp\/v2\/posts\/254543\/revisions\/254545"}],"wp:featuredmedia":[{"embeddable":true,"href":"https:\/\/corrientesdetarde.com\/index.php\/wp-json\/wp\/v2\/media\/254544"}],"wp:attachment":[{"href":"https:\/\/corrientesdetarde.com\/index.php\/wp-json\/wp\/v2\/media?parent=254543"}],"wp:term":[{"taxonomy":"category","embeddable":true,"href":"https:\/\/corrientesdetarde.com\/index.php\/wp-json\/wp\/v2\/categories?post=254543"},{"taxonomy":"post_tag","embeddable":true,"href":"https:\/\/corrientesdetarde.com\/index.php\/wp-json\/wp\/v2\/tags?post=254543"}],"curies":[{"name":"wp","href":"https:\/\/api.w.org\/{rel}","templated":true}]}}