{"id":254559,"date":"2026-04-30T17:36:17","date_gmt":"2026-04-30T20:36:17","guid":{"rendered":"https:\/\/corrientesdetarde.com\/?p=254559"},"modified":"2026-04-30T17:36:18","modified_gmt":"2026-04-30T20:36:18","slug":"investigan-la-muerte-de-un-hombre-un-detenido-y-elementos-secuestrados","status":"publish","type":"post","link":"https:\/\/corrientesdetarde.com\/index.php\/policiales\/investigan-la-muerte-de-un-hombre-un-detenido-y-elementos-secuestrados\/","title":{"rendered":"Investigan la muerte de un hombre: un detenido y elementos secuestrados"},"content":{"rendered":"\n<p>Efectivos policiales investigan la muerte de un hombre en la localidad de Ber\u00f3n de Astrada y secuestran varios elementos de inter\u00e9s para la causa, entre ellos un rifle de aire compromido.&nbsp; La v\u00edctima tiene 38 a\u00f1os y el detenido es un joven de 18 a\u00f1os.<\/p>\n\n\n\n<p>Efectivos policiales investigan la muerte de un hombre en la localidad de Ber\u00f3n de Astrada y secuestran varios elementos de inter\u00e9s para la causa, entre ellos un rifle de aire compromido.&nbsp; La v\u00edctima tiene 38 a\u00f1os y el detenido es un joven de 18 a\u00f1os.<\/p>\n\n\n\n<p>En horas de la ma\u00f1ana de ayer, efectivos policiales de la Comisar\u00eda de Distrito Ber\u00f3n de Astrada, en colaboraci\u00f3n con la unidad fiscal interviniente, dieron inicio a diligencias investigativas, tras tomar conocimiento del hallazgo de una persona sin vida en una zona rural de esa localidad.<\/p>\n\n\n\n<p>Seg\u00fan la informaci\u00f3n preliminar obtenida, el hecho habr\u00eda ocurrido en un sendero rural en el Paraje Toroi, en una zona de monte ubicada entre la Ruta Provincial N\u00b0 15, donde se hall\u00f3 un cuerpo sin signos vitales, por lo que, al constituirse en el lugar, el personal policial constat\u00f3 que se trataba de un hombre de 38 a\u00f1os de edad, quien presentaba lesiones compatibles con las producidas por arma de fuego.<\/p>\n\n\n\n<p>En este contexto, fue aprehendido un joven de 18 a\u00f1os de edad, quien estar\u00eda presuntamente vinculado con el hecho, asimismo, se procedi\u00f3 al secuestro de diversos elementos de inter\u00e9s para la causa, entre ellos arma de aire comprimido, cartuchos, prendas de vestir y otros objetos que ser\u00e1n sometidos a pericias.<\/p>\n\n\n\n<p>El aprehendido junto a los elementos secuestrados fue puestos a disposici\u00f3n de la autoridad fiscal interviniente, siendo trasladados a la citada dependencia policial, continu\u00e1ndose con las diligencias del caso.<\/p>\n","protected":false},"excerpt":{"rendered":"<p>Efectivos policiales investigan la muerte de un hombre en la localidad de Ber\u00f3n de Astrada y secuestran varios elementos de inter\u00e9s para la causa, entre ellos un rifle de aire&hellip; <\/p>\n","protected":false},"author":4,"featured_media":254595,"comment_status":"closed","ping_status":"open","sticky":false,"template":"","format":"standard","meta":{"footnotes":""},"categories":[33],"tags":[],"class_list":["post-254559","post","type-post","status-publish","format-standard","has-post-thumbnail","hentry","category-policiales"],"_links":{"self":[{"href":"https:\/\/corrientesdetarde.com\/index.php\/wp-json\/wp\/v2\/posts\/254559","targetHints":{"allow":["GET"]}}],"collection":[{"href":"https:\/\/corrientesdetarde.com\/index.php\/wp-json\/wp\/v2\/posts"}],"about":[{"href":"https:\/\/corrientesdetarde.com\/index.php\/wp-json\/wp\/v2\/types\/post"}],"author":[{"embeddable":true,"href":"https:\/\/corrientesdetarde.com\/index.php\/wp-json\/wp\/v2\/users\/4"}],"replies":[{"embeddable":true,"href":"https:\/\/corrientesdetarde.com\/index.php\/wp-json\/wp\/v2\/comments?post=254559"}],"version-history":[{"count":1,"href":"https:\/\/corrientesdetarde.com\/index.php\/wp-json\/wp\/v2\/posts\/254559\/revisions"}],"predecessor-version":[{"id":254596,"href":"https:\/\/corrientesdetarde.com\/index.php\/wp-json\/wp\/v2\/posts\/254559\/revisions\/254596"}],"wp:featuredmedia":[{"embeddable":true,"href":"https:\/\/corrientesdetarde.com\/index.php\/wp-json\/wp\/v2\/media\/254595"}],"wp:attachment":[{"href":"https:\/\/corrientesdetarde.com\/index.php\/wp-json\/wp\/v2\/media?parent=254559"}],"wp:term":[{"taxonomy":"category","embeddable":true,"href":"https:\/\/corrientesdetarde.com\/index.php\/wp-json\/wp\/v2\/categories?post=254559"},{"taxonomy":"post_tag","embeddable":true,"href":"https:\/\/corrientesdetarde.com\/index.php\/wp-json\/wp\/v2\/tags?post=254559"}],"curies":[{"name":"wp","href":"https:\/\/api.w.org\/{rel}","templated":true}]}}