{"id":254560,"date":"2026-04-30T14:42:14","date_gmt":"2026-04-30T17:42:14","guid":{"rendered":"https:\/\/corrientesdetarde.com\/?p=254560"},"modified":"2026-04-30T14:42:19","modified_gmt":"2026-04-30T17:42:19","slug":"corrientes-participo-de-la-asamblea-n-108-del-consejo-federal-de-discapacidad-2","status":"publish","type":"post","link":"https:\/\/corrientesdetarde.com\/index.php\/actualidad\/corrientes-participo-de-la-asamblea-n-108-del-consejo-federal-de-discapacidad-2\/","title":{"rendered":"Corrientes particip\u00f3 de la Asamblea N\u00b0 108 del Consejo Federal de Discapacidad"},"content":{"rendered":"\n<p>El Gobierno de la Provincia particip\u00f3 de la Asamblea del Consejo Federal de Discapacidad que se realiz\u00f3 en la ciudad de Buenos Aires. Es la segunda reuni\u00f3n del a\u00f1o 2026, llevada a cabo en las instalaciones de la SENADIS (Secretar\u00eda Nacional de Discapacidad).<\/p>\n\n\n\n<p>El Ministerio de Desarrollo Social particip\u00f3 de la sesi\u00f3n a trav\u00e9s del Consejo Provincial de Discapacidad, con su titular, Roxana Tannuri y la delegaci\u00f3n de Cintia Caballera, quien es presidente de la Fundaci\u00f3n Creando Lazos, en representaci\u00f3n de las ONGs; ambas referentes estuvieron representando a la Provincia en este encuentro.<\/p>\n\n\n\n<figure class=\"wp-block-image size-large\"><img loading=\"lazy\" decoding=\"async\" width=\"1024\" height=\"688\" src=\"https:\/\/corrientesdetarde.com\/wp-content\/uploads\/2026\/04\/Captura-de-pantalla-2026-04-30-143838-1024x688.png\" alt=\"\" class=\"wp-image-254561\" srcset=\"https:\/\/corrientesdetarde.com\/wp-content\/uploads\/2026\/04\/Captura-de-pantalla-2026-04-30-143838-1024x688.png 1024w, https:\/\/corrientesdetarde.com\/wp-content\/uploads\/2026\/04\/Captura-de-pantalla-2026-04-30-143838-300x202.png 300w, https:\/\/corrientesdetarde.com\/wp-content\/uploads\/2026\/04\/Captura-de-pantalla-2026-04-30-143838-768x516.png 768w, https:\/\/corrientesdetarde.com\/wp-content\/uploads\/2026\/04\/Captura-de-pantalla-2026-04-30-143838.png 1228w\" sizes=\"auto, (max-width: 1024px) 100vw, 1024px\" \/><\/figure>\n\n\n\n<p>Durante la jornada, uno de los principales temas abordados fue la reiteraci\u00f3n del pedido de regularizaci\u00f3n y normalizaci\u00f3n de los pagos adeudados a las instituciones prestadoras de servicios para personas con discapacidad en todo el pa\u00eds, una problem\u00e1tica que contin\u00faa generando preocupaci\u00f3n en el sector. Y se solicit\u00f3 la implementaci\u00f3n inmediata de la ley de emergencia en discapacidad N\u00b0 27.793, abordando puntos espec\u00edficos para su implementaci\u00f3n.<\/p>\n\n\n\n<p>La participaci\u00f3n de Corrientes en este espacio federal reafirma el compromiso de la provincia con la defensa de los derechos de las personas con discapacidad y el fortalecimiento de pol\u00edticas p\u00fablicas inclusivas a nivel nacional.<\/p>\n","protected":false},"excerpt":{"rendered":"<p>El Gobierno de la Provincia particip\u00f3 de la Asamblea del Consejo Federal de Discapacidad que se realiz\u00f3 en la ciudad de Buenos Aires. Es la segunda reuni\u00f3n del a\u00f1o 2026,&hellip; <\/p>\n","protected":false},"author":4,"featured_media":254562,"comment_status":"closed","ping_status":"open","sticky":false,"template":"","format":"standard","meta":{"footnotes":""},"categories":[23],"tags":[],"class_list":["post-254560","post","type-post","status-publish","format-standard","has-post-thumbnail","hentry","category-actualidad"],"_links":{"self":[{"href":"https:\/\/corrientesdetarde.com\/index.php\/wp-json\/wp\/v2\/posts\/254560","targetHints":{"allow":["GET"]}}],"collection":[{"href":"https:\/\/corrientesdetarde.com\/index.php\/wp-json\/wp\/v2\/posts"}],"about":[{"href":"https:\/\/corrientesdetarde.com\/index.php\/wp-json\/wp\/v2\/types\/post"}],"author":[{"embeddable":true,"href":"https:\/\/corrientesdetarde.com\/index.php\/wp-json\/wp\/v2\/users\/4"}],"replies":[{"embeddable":true,"href":"https:\/\/corrientesdetarde.com\/index.php\/wp-json\/wp\/v2\/comments?post=254560"}],"version-history":[{"count":1,"href":"https:\/\/corrientesdetarde.com\/index.php\/wp-json\/wp\/v2\/posts\/254560\/revisions"}],"predecessor-version":[{"id":254563,"href":"https:\/\/corrientesdetarde.com\/index.php\/wp-json\/wp\/v2\/posts\/254560\/revisions\/254563"}],"wp:featuredmedia":[{"embeddable":true,"href":"https:\/\/corrientesdetarde.com\/index.php\/wp-json\/wp\/v2\/media\/254562"}],"wp:attachment":[{"href":"https:\/\/corrientesdetarde.com\/index.php\/wp-json\/wp\/v2\/media?parent=254560"}],"wp:term":[{"taxonomy":"category","embeddable":true,"href":"https:\/\/corrientesdetarde.com\/index.php\/wp-json\/wp\/v2\/categories?post=254560"},{"taxonomy":"post_tag","embeddable":true,"href":"https:\/\/corrientesdetarde.com\/index.php\/wp-json\/wp\/v2\/tags?post=254560"}],"curies":[{"name":"wp","href":"https:\/\/api.w.org\/{rel}","templated":true}]}}