{"id":254564,"date":"2026-04-30T14:44:04","date_gmt":"2026-04-30T17:44:04","guid":{"rendered":"https:\/\/corrientesdetarde.com\/?p=254564"},"modified":"2026-04-30T14:44:10","modified_gmt":"2026-04-30T17:44:10","slug":"corrientes-promociona-su-oferta-turistica-con-un-stand-institucional-en-la-49-fiesta-nacional-del-surubi","status":"publish","type":"post","link":"https:\/\/corrientesdetarde.com\/index.php\/destacados\/corrientes-promociona-su-oferta-turistica-con-un-stand-institucional-en-la-49-fiesta-nacional-del-surubi\/","title":{"rendered":"Corrientes promociona su oferta tur\u00edstica con un stand institucional en la 49\u00b0 Fiesta Nacional del Surub\u00ed"},"content":{"rendered":"\n<p>Como cada a\u00f1o, el Ministerio de Turismo de la Provincia participa de esta nueva edici\u00f3n de la Fiesta con un stand ubicado en el predio Costa Surub\u00ed.<\/p>\n\n\n\n<p>Este espacio fue dise\u00f1ado para brindar atenci\u00f3n e informaci\u00f3n a turistas y visitantes, promoviendo los principales atractivos de la provincia en un entorno din\u00e1mico y accesible. Adem\u00e1s el lugar invita al p\u00fablico en general a tomarse fotograf\u00edas generando as\u00ed una experiencia cercana con la propuesta tur\u00edstica correntina.<\/p>\n\n\n\n<p>Dentro del lugar tambi\u00e9n se encuentran las \u00e1reas de Recursos Naturales; Direcci\u00f3n de Parques y Reservas y el municipio de Bella Vista quienes se encuentran promocionando sus eventos, productos y atractivos tur\u00edsticos.<\/p>\n\n\n\n<p>De esta manera la Instituci\u00f3n Tur\u00edstica provincial reafirma su presencia en uno de los eventos de pesca deportiva con devoluci\u00f3n m\u00e1s importantes de la regi\u00f3n, fortaleciendo la promoci\u00f3n del destino Corrientes a nivel Nacional.&nbsp;<\/p>\n\n\n\n<figure class=\"wp-block-image size-large\"><img loading=\"lazy\" decoding=\"async\" width=\"1024\" height=\"758\" src=\"https:\/\/corrientesdetarde.com\/wp-content\/uploads\/2026\/04\/image-646-1024x758.png\" alt=\"\" class=\"wp-image-254565\" srcset=\"https:\/\/corrientesdetarde.com\/wp-content\/uploads\/2026\/04\/image-646-1024x758.png 1024w, https:\/\/corrientesdetarde.com\/wp-content\/uploads\/2026\/04\/image-646-300x222.png 300w, https:\/\/corrientesdetarde.com\/wp-content\/uploads\/2026\/04\/image-646-768x568.png 768w, https:\/\/corrientesdetarde.com\/wp-content\/uploads\/2026\/04\/image-646.png 1188w\" sizes=\"auto, (max-width: 1024px) 100vw, 1024px\" \/><\/figure>\n","protected":false},"excerpt":{"rendered":"<p>Como cada a\u00f1o, el Ministerio de Turismo de la Provincia participa de esta nueva edici\u00f3n de la Fiesta con un stand ubicado en el predio Costa Surub\u00ed. Este espacio fue&hellip; <\/p>\n","protected":false},"author":4,"featured_media":254566,"comment_status":"closed","ping_status":"open","sticky":false,"template":"","format":"standard","meta":{"footnotes":""},"categories":[26],"tags":[],"class_list":["post-254564","post","type-post","status-publish","format-standard","has-post-thumbnail","hentry","category-destacados"],"_links":{"self":[{"href":"https:\/\/corrientesdetarde.com\/index.php\/wp-json\/wp\/v2\/posts\/254564","targetHints":{"allow":["GET"]}}],"collection":[{"href":"https:\/\/corrientesdetarde.com\/index.php\/wp-json\/wp\/v2\/posts"}],"about":[{"href":"https:\/\/corrientesdetarde.com\/index.php\/wp-json\/wp\/v2\/types\/post"}],"author":[{"embeddable":true,"href":"https:\/\/corrientesdetarde.com\/index.php\/wp-json\/wp\/v2\/users\/4"}],"replies":[{"embeddable":true,"href":"https:\/\/corrientesdetarde.com\/index.php\/wp-json\/wp\/v2\/comments?post=254564"}],"version-history":[{"count":1,"href":"https:\/\/corrientesdetarde.com\/index.php\/wp-json\/wp\/v2\/posts\/254564\/revisions"}],"predecessor-version":[{"id":254567,"href":"https:\/\/corrientesdetarde.com\/index.php\/wp-json\/wp\/v2\/posts\/254564\/revisions\/254567"}],"wp:featuredmedia":[{"embeddable":true,"href":"https:\/\/corrientesdetarde.com\/index.php\/wp-json\/wp\/v2\/media\/254566"}],"wp:attachment":[{"href":"https:\/\/corrientesdetarde.com\/index.php\/wp-json\/wp\/v2\/media?parent=254564"}],"wp:term":[{"taxonomy":"category","embeddable":true,"href":"https:\/\/corrientesdetarde.com\/index.php\/wp-json\/wp\/v2\/categories?post=254564"},{"taxonomy":"post_tag","embeddable":true,"href":"https:\/\/corrientesdetarde.com\/index.php\/wp-json\/wp\/v2\/tags?post=254564"}],"curies":[{"name":"wp","href":"https:\/\/api.w.org\/{rel}","templated":true}]}}