{"id":254568,"date":"2026-04-30T15:40:26","date_gmt":"2026-04-30T18:40:26","guid":{"rendered":"https:\/\/corrientesdetarde.com\/?p=254568"},"modified":"2026-04-30T15:40:39","modified_gmt":"2026-04-30T18:40:39","slug":"coprodis-entrego-certificados-de-curso-de-lengua-de-senas-y-comunidad-sorda","status":"publish","type":"post","link":"https:\/\/corrientesdetarde.com\/index.php\/sociales\/coprodis-entrego-certificados-de-curso-de-lengua-de-senas-y-comunidad-sorda\/","title":{"rendered":"COPRODIS entreg\u00f3 certificados de curso de Lengua de Se\u00f1as y Comunidad sorda"},"content":{"rendered":"\n<p>El &nbsp; Ministerio de Desarrollo Social de la Provincia culmin\u00f3 con el curso de Lengua de Se\u00f1as Argentina en Capital, que se llev\u00f3 a cabo a trav\u00e9s del COPRODIS. El mismo se desarroll\u00f3 en el Sal\u00f3n Auditorio del Campus \u201cDeodoro Roca\u201d.<\/p>\n\n\n\n<p>La cartera ministerial, con el fin de acercar oportunidades a todos los correntinos, realiz\u00f3 el segundo encuentro de capacitaci\u00f3n de Lenguaje de se\u00f1as, el cual culmin\u00f3 este mi\u00e9rcoles 29 de abril, realizando la entrega de certificado a los participantes.<\/p>\n\n\n\n<p>El fin de estos cursos y capacitaci\u00f3n es continuar con la inclusi\u00f3n y aprendizajes de los correntinos.<\/p>\n","protected":false},"excerpt":{"rendered":"<p>El &nbsp; Ministerio de Desarrollo Social de la Provincia culmin\u00f3 con el curso de Lengua de Se\u00f1as Argentina en Capital, que se llev\u00f3 a cabo a trav\u00e9s del COPRODIS. El&hellip; <\/p>\n","protected":false},"author":4,"featured_media":254569,"comment_status":"closed","ping_status":"open","sticky":false,"template":"","format":"standard","meta":{"footnotes":""},"categories":[17],"tags":[],"class_list":["post-254568","post","type-post","status-publish","format-standard","has-post-thumbnail","hentry","category-sociales"],"_links":{"self":[{"href":"https:\/\/corrientesdetarde.com\/index.php\/wp-json\/wp\/v2\/posts\/254568","targetHints":{"allow":["GET"]}}],"collection":[{"href":"https:\/\/corrientesdetarde.com\/index.php\/wp-json\/wp\/v2\/posts"}],"about":[{"href":"https:\/\/corrientesdetarde.com\/index.php\/wp-json\/wp\/v2\/types\/post"}],"author":[{"embeddable":true,"href":"https:\/\/corrientesdetarde.com\/index.php\/wp-json\/wp\/v2\/users\/4"}],"replies":[{"embeddable":true,"href":"https:\/\/corrientesdetarde.com\/index.php\/wp-json\/wp\/v2\/comments?post=254568"}],"version-history":[{"count":1,"href":"https:\/\/corrientesdetarde.com\/index.php\/wp-json\/wp\/v2\/posts\/254568\/revisions"}],"predecessor-version":[{"id":254570,"href":"https:\/\/corrientesdetarde.com\/index.php\/wp-json\/wp\/v2\/posts\/254568\/revisions\/254570"}],"wp:featuredmedia":[{"embeddable":true,"href":"https:\/\/corrientesdetarde.com\/index.php\/wp-json\/wp\/v2\/media\/254569"}],"wp:attachment":[{"href":"https:\/\/corrientesdetarde.com\/index.php\/wp-json\/wp\/v2\/media?parent=254568"}],"wp:term":[{"taxonomy":"category","embeddable":true,"href":"https:\/\/corrientesdetarde.com\/index.php\/wp-json\/wp\/v2\/categories?post=254568"},{"taxonomy":"post_tag","embeddable":true,"href":"https:\/\/corrientesdetarde.com\/index.php\/wp-json\/wp\/v2\/tags?post=254568"}],"curies":[{"name":"wp","href":"https:\/\/api.w.org\/{rel}","templated":true}]}}