{"id":254571,"date":"2026-04-30T15:48:21","date_gmt":"2026-04-30T18:48:21","guid":{"rendered":"https:\/\/corrientesdetarde.com\/?p=254571"},"modified":"2026-04-30T15:48:29","modified_gmt":"2026-04-30T18:48:29","slug":"se-presento-el-libro-los-procesos-colectivos-del-dr-arsenio-moreyra-en-el-ciclo-todas-las-letras","status":"publish","type":"post","link":"https:\/\/corrientesdetarde.com\/index.php\/sociales\/se-presento-el-libro-los-procesos-colectivos-del-dr-arsenio-moreyra-en-el-ciclo-todas-las-letras\/","title":{"rendered":"Se present\u00f3 el libro \u201cLos procesos colectivos\u201d del Dr. Arsenio Moreyra en el ciclo \u201cTodas las Letras\u201d"},"content":{"rendered":"\n<p>En el marco del espacio cultural \u201cTodas las Letras\u201d, impulsado por el equipo de la Biblioteca de la Honorable Legislatura, este jueves se llev\u00f3 a cabo la presentaci\u00f3n del libro \u201cLos procesos colectivos. Derecho Ambiental y Derecho de Usuarios y Consumidores\u201d, del Dr. Arsenio Eduardo Moreyra.<\/p>\n\n\n\n<p>La actividad fue presentada por el prosecretario de la C\u00e1mara de Senadores, Dr. Jos\u00e9 Manuel Huici, quien destac\u00f3 la trayectoria profesional y acad\u00e9mica del autor, subrayando su aporte al desarrollo del derecho en la regi\u00f3n.<\/p>\n\n\n\n<figure class=\"wp-block-image size-large\"><img loading=\"lazy\" decoding=\"async\" width=\"1024\" height=\"476\" src=\"https:\/\/corrientesdetarde.com\/wp-content\/uploads\/2026\/04\/Captura-de-pantalla-2026-04-30-154510-1024x476.png\" alt=\"\" class=\"wp-image-254572\" srcset=\"https:\/\/corrientesdetarde.com\/wp-content\/uploads\/2026\/04\/Captura-de-pantalla-2026-04-30-154510-1024x476.png 1024w, https:\/\/corrientesdetarde.com\/wp-content\/uploads\/2026\/04\/Captura-de-pantalla-2026-04-30-154510-300x140.png 300w, https:\/\/corrientesdetarde.com\/wp-content\/uploads\/2026\/04\/Captura-de-pantalla-2026-04-30-154510-768x357.png 768w, https:\/\/corrientesdetarde.com\/wp-content\/uploads\/2026\/04\/Captura-de-pantalla-2026-04-30-154510-1536x714.png 1536w, https:\/\/corrientesdetarde.com\/wp-content\/uploads\/2026\/04\/Captura-de-pantalla-2026-04-30-154510.png 1703w\" sizes=\"auto, (max-width: 1024px) 100vw, 1024px\" \/><\/figure>\n\n\n\n<p>Durante su exposici\u00f3n, el Dr. Moreyra abord\u00f3 la relevancia de los procesos colectivos en el \u00e1mbito judicial, con especial referencia a su aplicaci\u00f3n en la provincia de Corrientes y en la Rep\u00fablica Argentina. En su obra, analiza los derechos de incidencia colectiva vinculados a la protecci\u00f3n del ambiente, as\u00ed como a la defensa de usuarios y consumidores, resaltando el valor de estas herramientas para mejorar la eficiencia del sistema judicial y reducir la litigiosidad individual.<\/p>\n\n\n\n<p>En esa l\u00ednea, el autor sostuvo que una adecuada regulaci\u00f3n y aplicaci\u00f3n de los procesos colectivos permite optimizar recursos, disminuir costos y brindar respuestas m\u00e1s eficaces a problem\u00e1ticas que afectan a amplios sectores de la sociedad.<\/p>\n\n\n\n<figure class=\"wp-block-image size-large\"><img loading=\"lazy\" decoding=\"async\" width=\"1024\" height=\"677\" src=\"https:\/\/corrientesdetarde.com\/wp-content\/uploads\/2026\/04\/Captura-de-pantalla-2026-04-30-154515-1024x677.png\" alt=\"\" class=\"wp-image-254573\" srcset=\"https:\/\/corrientesdetarde.com\/wp-content\/uploads\/2026\/04\/Captura-de-pantalla-2026-04-30-154515-1024x677.png 1024w, https:\/\/corrientesdetarde.com\/wp-content\/uploads\/2026\/04\/Captura-de-pantalla-2026-04-30-154515-300x198.png 300w, https:\/\/corrientesdetarde.com\/wp-content\/uploads\/2026\/04\/Captura-de-pantalla-2026-04-30-154515-768x508.png 768w, https:\/\/corrientesdetarde.com\/wp-content\/uploads\/2026\/04\/Captura-de-pantalla-2026-04-30-154515.png 1183w\" sizes=\"auto, (max-width: 1024px) 100vw, 1024px\" \/><\/figure>\n\n\n\n<p>Al cierre del encuentro, el director de la Biblioteca, Walter Fern\u00e1ndez, hizo entrega al Dr. Moreyra de la declaraci\u00f3n de inter\u00e9s legislativo otorgada por la C\u00e1mara de Senadores.<\/p>\n\n\n\n<p>El Dr. Moreyra se desempe\u00f1a como juez de C\u00e1mara en la C\u00e1mara Civil, Comercial y Laboral de Santo Tom\u00e9. Es doctor en Derecho por la UNNE y especialista en Derecho Procesal Constitucional, con una destacada trayectoria en los \u00e1mbitos acad\u00e9mico y judicial.<\/p>\n\n\n\n<p>El ciclo \u201cTodas las Letras\u201d tiene como objetivo consolidar un espacio cultural promovido por la Biblioteca, que trascienda la presentaci\u00f3n de libros e incluya charlas y exposiciones a cargo de referentes de diversas \u00e1reas del conocimiento, fomentando la difusi\u00f3n de contenidos y el acceso a la informaci\u00f3n para la comunidad.<\/p>\n\n\n\n<figure class=\"wp-block-image size-large\"><img loading=\"lazy\" decoding=\"async\" width=\"1024\" height=\"675\" src=\"https:\/\/corrientesdetarde.com\/wp-content\/uploads\/2026\/04\/Captura-de-pantalla-2026-04-30-154519-1024x675.png\" alt=\"\" class=\"wp-image-254574\" srcset=\"https:\/\/corrientesdetarde.com\/wp-content\/uploads\/2026\/04\/Captura-de-pantalla-2026-04-30-154519-1024x675.png 1024w, https:\/\/corrientesdetarde.com\/wp-content\/uploads\/2026\/04\/Captura-de-pantalla-2026-04-30-154519-300x198.png 300w, https:\/\/corrientesdetarde.com\/wp-content\/uploads\/2026\/04\/Captura-de-pantalla-2026-04-30-154519-768x506.png 768w, https:\/\/corrientesdetarde.com\/wp-content\/uploads\/2026\/04\/Captura-de-pantalla-2026-04-30-154519.png 1186w\" sizes=\"auto, (max-width: 1024px) 100vw, 1024px\" \/><\/figure>\n","protected":false},"excerpt":{"rendered":"<p>En el marco del espacio cultural \u201cTodas las Letras\u201d, impulsado por el equipo de la Biblioteca de la Honorable Legislatura, este jueves se llev\u00f3 a cabo la presentaci\u00f3n del libro&hellip; <\/p>\n","protected":false},"author":4,"featured_media":254575,"comment_status":"closed","ping_status":"open","sticky":false,"template":"","format":"standard","meta":{"footnotes":""},"categories":[17],"tags":[],"class_list":["post-254571","post","type-post","status-publish","format-standard","has-post-thumbnail","hentry","category-sociales"],"_links":{"self":[{"href":"https:\/\/corrientesdetarde.com\/index.php\/wp-json\/wp\/v2\/posts\/254571","targetHints":{"allow":["GET"]}}],"collection":[{"href":"https:\/\/corrientesdetarde.com\/index.php\/wp-json\/wp\/v2\/posts"}],"about":[{"href":"https:\/\/corrientesdetarde.com\/index.php\/wp-json\/wp\/v2\/types\/post"}],"author":[{"embeddable":true,"href":"https:\/\/corrientesdetarde.com\/index.php\/wp-json\/wp\/v2\/users\/4"}],"replies":[{"embeddable":true,"href":"https:\/\/corrientesdetarde.com\/index.php\/wp-json\/wp\/v2\/comments?post=254571"}],"version-history":[{"count":1,"href":"https:\/\/corrientesdetarde.com\/index.php\/wp-json\/wp\/v2\/posts\/254571\/revisions"}],"predecessor-version":[{"id":254576,"href":"https:\/\/corrientesdetarde.com\/index.php\/wp-json\/wp\/v2\/posts\/254571\/revisions\/254576"}],"wp:featuredmedia":[{"embeddable":true,"href":"https:\/\/corrientesdetarde.com\/index.php\/wp-json\/wp\/v2\/media\/254575"}],"wp:attachment":[{"href":"https:\/\/corrientesdetarde.com\/index.php\/wp-json\/wp\/v2\/media?parent=254571"}],"wp:term":[{"taxonomy":"category","embeddable":true,"href":"https:\/\/corrientesdetarde.com\/index.php\/wp-json\/wp\/v2\/categories?post=254571"},{"taxonomy":"post_tag","embeddable":true,"href":"https:\/\/corrientesdetarde.com\/index.php\/wp-json\/wp\/v2\/tags?post=254571"}],"curies":[{"name":"wp","href":"https:\/\/api.w.org\/{rel}","templated":true}]}}