{"id":254577,"date":"2026-04-30T16:10:48","date_gmt":"2026-04-30T19:10:48","guid":{"rendered":"https:\/\/corrientesdetarde.com\/?p=254577"},"modified":"2026-04-30T16:11:00","modified_gmt":"2026-04-30T19:11:00","slug":"la-municipalidad-lanzo-un-amplio-plan-de-arbolado-a-largo-plazo-para-reverdecer-la-ciudad","status":"publish","type":"post","link":"https:\/\/corrientesdetarde.com\/index.php\/actualidad\/la-municipalidad-lanzo-un-amplio-plan-de-arbolado-a-largo-plazo-para-reverdecer-la-ciudad\/","title":{"rendered":"La Municipalidad lanz\u00f3 un amplio plan de arbolado a largo plazo para reverdecer la ciudad"},"content":{"rendered":"\n<p>Desde el vivero municipal del barrio Esperanza, el intendente present\u00f3 un programa que prev\u00e9 plantar 5.000 \u00e1rboles este a\u00f1o y 20.000 en los cuatro a\u00f1os de gesti\u00f3n. La iniciativa apunta a mitigar el cambio clim\u00e1tico, fortalecer los espacios p\u00fablicos y consolidar una pol\u00edtica ambiental integral con participaci\u00f3n vecinal.<\/p>\n\n\n\n<p>La Municipalidad de la ciudad de Corrientes present\u00f3 oficialmente este mi\u00e9rcoles su plan de arbolado urbano para el a\u00f1o en curso, en el marco de una estrategia ambiental que se proyecta a lo largo de los pr\u00f3ximos cuatro a\u00f1os de gesti\u00f3n.<\/p>\n\n\n\n<p><br><br>El anuncio se realiz\u00f3 en horas de la ma\u00f1ana en el vivero municipal del barrio Esperanza, donde ya se preparan las especies que ser\u00e1n plantadas en distintos puntos de la ciudad, con el objetivo de mejorar la calidad ambiental y consolidar una ciudad m\u00e1s verde y sostenible.<\/p>\n\n\n\n<p><br><br>Durante la presentaci\u00f3n, el intendente Claudio Polich destac\u00f3 el alcance de la iniciativa y su impacto a largo plazo: &#8220;En este lugar estamos armando todo lo que va a ser nuestro plan de arborizaci\u00f3n de la ciudad. Vamos a plantar 20.000 \u00e1rboles en 4 a\u00f1os. Vamos a plantar 5.000 este a\u00f1o, que ya est\u00e1n listos, y vamos a empezar una campa\u00f1a de arborizaci\u00f3n muy fuerte para la ciudad de Corrientes, para mantenernos frescos en la temporada estival y, sobre todo, para tratar de combatir el calentamiento global y el cambio clim\u00e1tico&#8221;.<\/p>\n\n\n\n<p><br><br>El jefe comunal tambi\u00e9n subray\u00f3 el valor estrat\u00e9gico del vivero y el trabajo del personal municipal: &#8220;Esto es muy buena esta tarea que se realiza en el predio, porque se va generando todo el material que despu\u00e9s usamos en nuestras plazas, nuestros parques, paseos. Hay una importante cantidad y variedad de especies, y eso tiene que ver con la pol\u00edtica que tambi\u00e9n tiene el gobierno municipal de apoyar estas actividades que tambi\u00e9n jerarquizan nuestros espacios p\u00fablicos&#8221;.<\/p>\n\n\n\n<p><br><br>Asimismo, Polich remarc\u00f3 que el plan se integra a una pol\u00edtica m\u00e1s amplia de concientizaci\u00f3n ambiental: &#8220;Estamos permanentemente tratando de mitigar parte del impacto que genera el cambio clim\u00e1tico y eso tiene que ver con que todos entendamos la importancia que tiene no solamente respetar la naturaleza, sino tambi\u00e9n propender a tener una ciudad cada vez m\u00e1s verde, que en esa es la tarea en la que estamos&#8221;.<\/p>\n\n\n\n<figure class=\"wp-block-image\"><img decoding=\"async\" src=\"https:\/\/www.radiodos.com.ar\/content\/bucket\/1\/284821w790h527c.jpg.webp\" alt=\"\"\/><\/figure>\n\n\n\n<p><br><br><strong>IMPLEMENTACI\u00d3N<\/strong><br><br>Por su parte, el secretario de Servicios P\u00fablicos, Ignacio Maldonado Yonna, brind\u00f3 precisiones sobre la ejecuci\u00f3n del programa y los mecanismos de participaci\u00f3n ciudadana: &#8220;Este a\u00f1o nos propusimos una importante meta de plantaci\u00f3n de \u00e1rboles, siguiendo con el trabajo que ven\u00edamos realizando en el programa \u2018Un \u00e1rbol, un vecino\u2019, para que todos los habitantes de la ciudad puedan pedir por medio del 147 o del Munibot el \u00e1rbol para plantar en su vereda. Y despu\u00e9s continuar con la reforestaci\u00f3n de los diferentes espacios p\u00fablicos de la ciudad, los corredores de las principales avenidas y el trabajo en conjunto que venimos realizando con diferentes instituciones p\u00fablicas de la ciudad en distintos predios&#8221;.<\/p>\n\n\n\n<p><br><br>En ese sentido, resalt\u00f3 el enfoque ambiental del proyecto: &#8220;Es un compromiso que asumi\u00f3 la ciudad de poder reforestar y reverdecer la ciudad, de tomar el \u00e1rbol como una infraestructura verde que no solo embellece, sino tambi\u00e9n genera una cantidad de servicios ecosist\u00e9micos que favorecen la vida y el d\u00eda a d\u00eda en la ciudad&#8221;.<\/p>\n\n\n\n<figure class=\"wp-block-image\"><img decoding=\"async\" src=\"https:\/\/www.radiodos.com.ar\/content\/bucket\/0\/284820w790h527c.jpg.webp\" alt=\"\"\/><\/figure>\n\n\n\n<p><br><br>Finalmente, hizo hincapi\u00e9 en la corresponsabilidad comunitaria: &#8220;El compromiso que tenemos es seguir trabajando junto a todos los vecinos en el cuidado y el mantenimiento de todo lo que se invierte en los diferentes espacios p\u00fablicos, el cuidado del mantenimiento en todo lo que sea residuos, para de esa manera poder trabajar por una ciudad cada d\u00eda m\u00e1s verde&#8221;.<\/p>\n","protected":false},"excerpt":{"rendered":"<p>Desde el vivero municipal del barrio Esperanza, el intendente present\u00f3 un programa que prev\u00e9 plantar 5.000 \u00e1rboles este a\u00f1o y 20.000 en los cuatro a\u00f1os de gesti\u00f3n. La iniciativa apunta&hellip; <\/p>\n","protected":false},"author":4,"featured_media":254578,"comment_status":"closed","ping_status":"open","sticky":false,"template":"","format":"standard","meta":{"footnotes":""},"categories":[23],"tags":[],"class_list":["post-254577","post","type-post","status-publish","format-standard","has-post-thumbnail","hentry","category-actualidad"],"_links":{"self":[{"href":"https:\/\/corrientesdetarde.com\/index.php\/wp-json\/wp\/v2\/posts\/254577","targetHints":{"allow":["GET"]}}],"collection":[{"href":"https:\/\/corrientesdetarde.com\/index.php\/wp-json\/wp\/v2\/posts"}],"about":[{"href":"https:\/\/corrientesdetarde.com\/index.php\/wp-json\/wp\/v2\/types\/post"}],"author":[{"embeddable":true,"href":"https:\/\/corrientesdetarde.com\/index.php\/wp-json\/wp\/v2\/users\/4"}],"replies":[{"embeddable":true,"href":"https:\/\/corrientesdetarde.com\/index.php\/wp-json\/wp\/v2\/comments?post=254577"}],"version-history":[{"count":1,"href":"https:\/\/corrientesdetarde.com\/index.php\/wp-json\/wp\/v2\/posts\/254577\/revisions"}],"predecessor-version":[{"id":254579,"href":"https:\/\/corrientesdetarde.com\/index.php\/wp-json\/wp\/v2\/posts\/254577\/revisions\/254579"}],"wp:featuredmedia":[{"embeddable":true,"href":"https:\/\/corrientesdetarde.com\/index.php\/wp-json\/wp\/v2\/media\/254578"}],"wp:attachment":[{"href":"https:\/\/corrientesdetarde.com\/index.php\/wp-json\/wp\/v2\/media?parent=254577"}],"wp:term":[{"taxonomy":"category","embeddable":true,"href":"https:\/\/corrientesdetarde.com\/index.php\/wp-json\/wp\/v2\/categories?post=254577"},{"taxonomy":"post_tag","embeddable":true,"href":"https:\/\/corrientesdetarde.com\/index.php\/wp-json\/wp\/v2\/tags?post=254577"}],"curies":[{"name":"wp","href":"https:\/\/api.w.org\/{rel}","templated":true}]}}