{"id":254583,"date":"2026-04-30T16:24:27","date_gmt":"2026-04-30T19:24:27","guid":{"rendered":"https:\/\/corrientesdetarde.com\/?p=254583"},"modified":"2026-04-30T16:24:32","modified_gmt":"2026-04-30T19:24:32","slug":"triple-choque-en-corrientes-un-camion-incendiado-una-victima-fatal-y-un-herido-grave","status":"publish","type":"post","link":"https:\/\/corrientesdetarde.com\/index.php\/policiales\/triple-choque-en-corrientes-un-camion-incendiado-una-victima-fatal-y-un-herido-grave\/","title":{"rendered":"Triple choque en Corrientes: un cami\u00f3n incendiado, una v\u00edctima fatal y un herido grave"},"content":{"rendered":"\n<p>Un hombre muri\u00f3 en Corrientes y otro result\u00f3 gravemente herido tras una triple colisi\u00f3n en la Ruta Nacional 14, que involucr\u00f3 a dos camiones y una camioneta Chevrolet Spin en cercan\u00edas de la localidad de Gobernador Virasoro. Uno de los veh\u00edculos de gran porte volc\u00f3 y se incendi\u00f3.<\/p>\n\n\n\n<p>Un hombre muri\u00f3 en Corrientes y otro result\u00f3 gravemente herido tras una triple colisi\u00f3n en la Ruta Nacional 14, que involucr\u00f3 a dos camiones y una camioneta Chevrolet Spin en cercan\u00edas de la localidad de Gobernador Virasoro. Uno de los veh\u00edculos de gran porte volc\u00f3 y se incendi\u00f3.<\/p>\n\n\n\n<p>Un impactante siniestro vial se registr\u00f3 ayer sobre la Ruta Nacional 14, a la altura de la zona conocida como Bichadero de la localidad correntina de Virasoro, por causas que a\u00fan son materia de investigaci\u00f3n, un autom\u00f3vil particular y un cami\u00f3n de gran porte colisionaron, desencadenando un incendio de magnitud.<\/p>\n\n\n\n<p>Seg\u00fan los primeros reportes desde el lugar de los hechos, el impacto provoc\u00f3 que el conductor del cami\u00f3n perdiera el control, resultando en el vuelco de la unidad sobre la banquina. A los pocos minutos del accidente, el veh\u00edculo de carga fue consumido por las llamas, generando una densa columna de humo visible a varios kil\u00f3metros de distancia.<\/p>\n\n\n\n<p>El grave siniestro vial dej\u00f3 como saldo una persona fallecida y un herido de gravedad que fue derivada al hospital de Gobernador Virasoro. El tr\u00e1nsito permaneci\u00f3 varias horas interrumpido en el lugar por varias horas y se realizaron las pericias de rigor para determinar las causas del accidente.<\/p>\n\n\n\n<figure class=\"wp-block-image\"><img decoding=\"async\" src=\"https:\/\/www.radiodos.com.ar\/content\/bucket\/9\/284769w380h308c.jpg.webp\" alt=\"\"\/><\/figure>\n\n\n\n<p><\/p>\n\n\n\n<p><\/p>\n","protected":false},"excerpt":{"rendered":"<p>Un hombre muri\u00f3 en Corrientes y otro result\u00f3 gravemente herido tras una triple colisi\u00f3n en la Ruta Nacional 14, que involucr\u00f3 a dos camiones y una camioneta Chevrolet Spin en&hellip; <\/p>\n","protected":false},"author":4,"featured_media":254584,"comment_status":"closed","ping_status":"open","sticky":false,"template":"","format":"standard","meta":{"footnotes":""},"categories":[33],"tags":[],"class_list":["post-254583","post","type-post","status-publish","format-standard","has-post-thumbnail","hentry","category-policiales"],"_links":{"self":[{"href":"https:\/\/corrientesdetarde.com\/index.php\/wp-json\/wp\/v2\/posts\/254583","targetHints":{"allow":["GET"]}}],"collection":[{"href":"https:\/\/corrientesdetarde.com\/index.php\/wp-json\/wp\/v2\/posts"}],"about":[{"href":"https:\/\/corrientesdetarde.com\/index.php\/wp-json\/wp\/v2\/types\/post"}],"author":[{"embeddable":true,"href":"https:\/\/corrientesdetarde.com\/index.php\/wp-json\/wp\/v2\/users\/4"}],"replies":[{"embeddable":true,"href":"https:\/\/corrientesdetarde.com\/index.php\/wp-json\/wp\/v2\/comments?post=254583"}],"version-history":[{"count":1,"href":"https:\/\/corrientesdetarde.com\/index.php\/wp-json\/wp\/v2\/posts\/254583\/revisions"}],"predecessor-version":[{"id":254585,"href":"https:\/\/corrientesdetarde.com\/index.php\/wp-json\/wp\/v2\/posts\/254583\/revisions\/254585"}],"wp:featuredmedia":[{"embeddable":true,"href":"https:\/\/corrientesdetarde.com\/index.php\/wp-json\/wp\/v2\/media\/254584"}],"wp:attachment":[{"href":"https:\/\/corrientesdetarde.com\/index.php\/wp-json\/wp\/v2\/media?parent=254583"}],"wp:term":[{"taxonomy":"category","embeddable":true,"href":"https:\/\/corrientesdetarde.com\/index.php\/wp-json\/wp\/v2\/categories?post=254583"},{"taxonomy":"post_tag","embeddable":true,"href":"https:\/\/corrientesdetarde.com\/index.php\/wp-json\/wp\/v2\/tags?post=254583"}],"curies":[{"name":"wp","href":"https:\/\/api.w.org\/{rel}","templated":true}]}}