{"id":254586,"date":"2026-04-30T16:57:18","date_gmt":"2026-04-30T19:57:18","guid":{"rendered":"https:\/\/corrientesdetarde.com\/?p=254586"},"modified":"2026-04-30T16:57:23","modified_gmt":"2026-04-30T19:57:23","slug":"encuentran-sana-y-salva-en-corrientes-a-una-joven-que-era-buscada-en-santiago-del-estero","status":"publish","type":"post","link":"https:\/\/corrientesdetarde.com\/index.php\/policiales\/encuentran-sana-y-salva-en-corrientes-a-una-joven-que-era-buscada-en-santiago-del-estero\/","title":{"rendered":"Encuentran sana y salva en Corrientes a una joven que era buscada en Santiago del Estero"},"content":{"rendered":"\n<p>La Polic\u00eda de Corrientes logr\u00f3 hallar sana y salva a una joven que era intensamente buscada por las autoridades de la Provincia de Santiago del Estero.<\/p>\n\n\n\n<p>La Polic\u00eda de Corrientes logr\u00f3 hallar sana y salva a una joven que era intensamente buscada por las autoridades de la Provincia de Santiago del Estero.<\/p>\n\n\n\n<p>A ra\u00edz de un pedido proveniente de las autoridades de la Provincia de Santiago del Estero, en relaci\u00f3n a una causa en el cual se solicita establecer paradero y ubicaci\u00f3n de una joven de 18 a\u00f1os de edad, efectivos policiales dependientes de la Direcci\u00f3n Trata de Personas, B\u00fasqueda y Captura de la Polic\u00eda de Corrientes lograron&nbsp; hallarla sana y salva en la jornada de ayer.<\/p>\n\n\n\n<p>El procedimiento fue llevado a cabo por los mencionados efectivos luego de un intenso y minucioso trabajo investigativo, lo que permiti\u00f3 finalmente localizar a la joven en buen estado de salud.<\/p>\n\n\n\n<p>La misma, fue puesta a disposici\u00f3n de las autoridades correspondientes a fin de continuar con los tr\u00e1mites de rigor&nbsp; vinculados a la b\u00fasqueda de su paradero.&nbsp;<\/p>\n","protected":false},"excerpt":{"rendered":"<p>La Polic\u00eda de Corrientes logr\u00f3 hallar sana y salva a una joven que era intensamente buscada por las autoridades de la Provincia de Santiago del Estero. La Polic\u00eda de Corrientes&hellip; <\/p>\n","protected":false},"author":4,"featured_media":254587,"comment_status":"closed","ping_status":"open","sticky":false,"template":"","format":"standard","meta":{"footnotes":""},"categories":[33],"tags":[],"class_list":["post-254586","post","type-post","status-publish","format-standard","has-post-thumbnail","hentry","category-policiales"],"_links":{"self":[{"href":"https:\/\/corrientesdetarde.com\/index.php\/wp-json\/wp\/v2\/posts\/254586","targetHints":{"allow":["GET"]}}],"collection":[{"href":"https:\/\/corrientesdetarde.com\/index.php\/wp-json\/wp\/v2\/posts"}],"about":[{"href":"https:\/\/corrientesdetarde.com\/index.php\/wp-json\/wp\/v2\/types\/post"}],"author":[{"embeddable":true,"href":"https:\/\/corrientesdetarde.com\/index.php\/wp-json\/wp\/v2\/users\/4"}],"replies":[{"embeddable":true,"href":"https:\/\/corrientesdetarde.com\/index.php\/wp-json\/wp\/v2\/comments?post=254586"}],"version-history":[{"count":1,"href":"https:\/\/corrientesdetarde.com\/index.php\/wp-json\/wp\/v2\/posts\/254586\/revisions"}],"predecessor-version":[{"id":254588,"href":"https:\/\/corrientesdetarde.com\/index.php\/wp-json\/wp\/v2\/posts\/254586\/revisions\/254588"}],"wp:featuredmedia":[{"embeddable":true,"href":"https:\/\/corrientesdetarde.com\/index.php\/wp-json\/wp\/v2\/media\/254587"}],"wp:attachment":[{"href":"https:\/\/corrientesdetarde.com\/index.php\/wp-json\/wp\/v2\/media?parent=254586"}],"wp:term":[{"taxonomy":"category","embeddable":true,"href":"https:\/\/corrientesdetarde.com\/index.php\/wp-json\/wp\/v2\/categories?post=254586"},{"taxonomy":"post_tag","embeddable":true,"href":"https:\/\/corrientesdetarde.com\/index.php\/wp-json\/wp\/v2\/tags?post=254586"}],"curies":[{"name":"wp","href":"https:\/\/api.w.org\/{rel}","templated":true}]}}