{"id":254597,"date":"2026-04-30T17:37:55","date_gmt":"2026-04-30T20:37:55","guid":{"rendered":"https:\/\/corrientesdetarde.com\/?p=254597"},"modified":"2026-04-30T17:38:07","modified_gmt":"2026-04-30T20:38:07","slug":"gobernador-juan-pablo-valdes-adelanto-que-anunciara-otro-aumento-salarial-en-mayo","status":"publish","type":"post","link":"https:\/\/corrientesdetarde.com\/index.php\/locales\/gobernador-juan-pablo-valdes-adelanto-que-anunciara-otro-aumento-salarial-en-mayo\/","title":{"rendered":"Gobernador Juan Pablo Vald\u00e9s adelant\u00f3 que anunciar\u00e1 otro aumento salarial en mayo\u00a0"},"content":{"rendered":"\n<p>El gobernador Juan Pablo Vald\u00e9s, adelant\u00f3 que en mayo anunciar\u00e1 un nuevo incremento salarial para la administraci\u00f3n p\u00fablica y jubilados.&nbsp; &#8220;Vamos a continuar con una recomposici\u00f3n salarial sin poner el riesgo el sistema&#8221;, remarc\u00f3 el mandatario en declaraciones al medio bellavistense \u00d1and\u00e9 Cable.<\/p>\n\n\n\n<p>El gobernador Juan Pablo Vald\u00e9s, adelant\u00f3 que en mayo anunciar\u00e1 un nuevo incremento salarial para la administraci\u00f3n p\u00fablica y jubilados.&nbsp; &#8220;Vamos a continuar con una recomposici\u00f3n salarial sin poner el riesgo el sistema&#8221;, remarc\u00f3 el mandatario en declaraciones al medio bellavistense \u00d1and\u00e9 Cable.<\/p>\n\n\n\n<p>&#8220;En el mes de mayo estaremos haciendo anuncios salariales, viendo cu\u00e1l es el panorama y tratando de que el anuncio sea lo mejor posible&#8221;, expres\u00f3 el mandatario al medio bellavistense \u00d1and\u00e9 Cable.<\/p>\n\n\n\n<p>&nbsp;Y en este sentido, destac\u00f3 la importancia de &#8220;continuar con una recomposici\u00f3n salarial sin poner el riesgo el sistema&#8221;.<\/p>\n\n\n\n<p>&#8220;Entendemos las demandas y trabajamos de acuerdo a los recursos que ingresan a la provincia, somos responsables&#8221;, afirm\u00f3 el Gobernador y agreg\u00f3 sobre la situaci\u00f3n de los empleados p\u00fablicos que &#8220;entendemos el disgusto, pero somos responsables y queremos cumplir en tiempo y forma con los salarios&#8221;.<\/p>\n\n\n\n<p>&nbsp;En este sentido, remarc\u00f3 sobre los incrementos salariales que &#8220;preferimos hacer anuncios que que no sean tan a largo plazo, sino anuncios de incrementos en plazos m\u00e1s cortos&#8221;.<\/p>\n\n\n\n<p>Por otra parte, sobre la situaci\u00f3n financiera provincial, el gobernador Juan Pablo Vald\u00e9s manifest\u00f3 que &#8220;no deja de caer la coparticipaci\u00f3n&#8221; y detall\u00f3 c\u00f3mo afecta la ca\u00edda de los ingresos nacionales.<\/p>\n\n\n\n<p>&#8220;En t\u00e9rminos reales, en promedio es de 6 a 8 puntos en estos cuatro meses&#8221; y que la baja genera adem\u00e1s una situaci\u00f3n &#8220;muy complicada en los municipios&#8221; e hizo menci\u00f3n a la ayuda que presta la Provincia a las comunas y se\u00f1al\u00f3 que para &#8220;nosotros sostener el equilibrio es fundamental&#8221;.<\/p>\n","protected":false},"excerpt":{"rendered":"<p>El gobernador Juan Pablo Vald\u00e9s, adelant\u00f3 que en mayo anunciar\u00e1 un nuevo incremento salarial para la administraci\u00f3n p\u00fablica y jubilados.&nbsp; &#8220;Vamos a continuar con una recomposici\u00f3n salarial sin poner el&hellip; <\/p>\n","protected":false},"author":4,"featured_media":254598,"comment_status":"closed","ping_status":"open","sticky":false,"template":"","format":"standard","meta":{"footnotes":""},"categories":[8],"tags":[],"class_list":["post-254597","post","type-post","status-publish","format-standard","has-post-thumbnail","hentry","category-locales"],"_links":{"self":[{"href":"https:\/\/corrientesdetarde.com\/index.php\/wp-json\/wp\/v2\/posts\/254597","targetHints":{"allow":["GET"]}}],"collection":[{"href":"https:\/\/corrientesdetarde.com\/index.php\/wp-json\/wp\/v2\/posts"}],"about":[{"href":"https:\/\/corrientesdetarde.com\/index.php\/wp-json\/wp\/v2\/types\/post"}],"author":[{"embeddable":true,"href":"https:\/\/corrientesdetarde.com\/index.php\/wp-json\/wp\/v2\/users\/4"}],"replies":[{"embeddable":true,"href":"https:\/\/corrientesdetarde.com\/index.php\/wp-json\/wp\/v2\/comments?post=254597"}],"version-history":[{"count":1,"href":"https:\/\/corrientesdetarde.com\/index.php\/wp-json\/wp\/v2\/posts\/254597\/revisions"}],"predecessor-version":[{"id":254599,"href":"https:\/\/corrientesdetarde.com\/index.php\/wp-json\/wp\/v2\/posts\/254597\/revisions\/254599"}],"wp:featuredmedia":[{"embeddable":true,"href":"https:\/\/corrientesdetarde.com\/index.php\/wp-json\/wp\/v2\/media\/254598"}],"wp:attachment":[{"href":"https:\/\/corrientesdetarde.com\/index.php\/wp-json\/wp\/v2\/media?parent=254597"}],"wp:term":[{"taxonomy":"category","embeddable":true,"href":"https:\/\/corrientesdetarde.com\/index.php\/wp-json\/wp\/v2\/categories?post=254597"},{"taxonomy":"post_tag","embeddable":true,"href":"https:\/\/corrientesdetarde.com\/index.php\/wp-json\/wp\/v2\/tags?post=254597"}],"curies":[{"name":"wp","href":"https:\/\/api.w.org\/{rel}","templated":true}]}}